{"id":7193,"date":"2024-09-12T08:25:43","date_gmt":"2024-09-12T11:25:43","guid":{"rendered":"https:\/\/partediario.com.ar\/?p=7193"},"modified":"2024-09-12T08:25:43","modified_gmt":"2024-09-12T11:25:43","slug":"se-informo-la-inflacion-de-agosto-42-por-encima-del-4-de-julio","status":"publish","type":"post","link":"https:\/\/partediario.com.ar\/?p=7193","title":{"rendered":"Se inform\u00f3 la inflaci\u00f3n de agosto: 4,2%, por encima del 4% de julio"},"content":{"rendered":"\n<h3 class=\"wp-block-heading\">La inflaci\u00f3n minorista de agosto super\u00f3 todos los estimados. Alcanz\u00f3 al 4,2%, por encima del 4% de julio, y del 3,9% que estimaban las consultoras privadas, as\u00ed lo inform\u00f3 el Instituto Nacional de Estad\u00edstica y Censos (Indec).<\/h3>\n\n\n\n<p>El rubro de mayor aumento en el mes fue Vivienda, agua, electricidad y otros combustibles con el 7% por las subas en alquiler de la vivienda y gastos conexos, agua y electricidad, gas y otros combustibles. Le siguieron educaci\u00f3n, con el 6,6%; por el alza en los distintos niveles y tipos de ense\u00f1anza; y transporte, 5,1%; por los incrementos en el transporte p\u00fablico.<\/p>\n\n\n\n<p>La divisi\u00f3n con mayor incidencia en todas las regiones \u2013excepto en la regi\u00f3n del Gran Buenos Aires (GBA)\u2013 fue \u201cAlimentos y bebidas no alcoh\u00f3licas\u201d con un incremento del 3,6%, donde se subrayaron en algunas regiones los aumentos de carnes y derivados y, en otras, las subas en Verduras, tub\u00e9rculos y legumbres.<\/p>\n\n\n\n<p>En la regi\u00f3n GBA, que re\u00fane a la Capital Federal con el conurbano bonaerense, la mayor incidencia la tuvo transporte con un alza del 5,1%; por los incrementos en el transporte p\u00fablico.<\/p>\n\n\n\n<p>Las dos divisiones que registraron las menores variaciones en agosto fueron \u201cPrendas de vestir y calzado\u201d, con una suba del 2,1%; y Bienes y servicios varios, con el 2,3%.<\/p>\n\n\n\n<p>A nivel de las categor\u00edas, los precios regulados , con un alza del 5,9%, lider\u00f3 el incremento \u2013por las subas en las tarifas de servicios p\u00fablicos\u2013, seguida el IPC n\u00facleo, con el 4,1%, mientras que los Estacionales aumentaron un 1,5%.<\/p>\n\n\n\n<p>En a\u00f1o los precios minoristas registran un alza del 94,8% y en la comparaci\u00f3n interanual, un incremento de l236,7%, inform\u00f3 el indec.<\/p>\n\n\n\n<p>Despu\u00e9s de conocido el informe, y por medio de la red social X, el economista Fernando Marrul no dud\u00f3 en calificar como \u201cFiero el dato\u201d de la inflaci\u00f3n, mientras que el director de la consultora Analytica, Claudio Caprarulo admiti\u00f3 que la inflaci\u00f3n del 4,2% estuvo \u201cun poco por encima de lo que esperabamos\u201d, sin embargo \u201cel dato preocupante es la leve suba de la inflaci\u00f3n n\u00facleo a 4,1%, promediaba 3,7% en los tres meses previos\u201d.<\/p>\n","protected":false},"excerpt":{"rendered":"<p>La inflaci&oacute;n minorista de agosto super&oacute; todos los estimados. Alcanz&oacute; al 4,2%, por encima del 4% de julio, y del 3,9% que estimaban las consultoras privadas, as&iacute; lo inform&oacute; el Instituto Nacional de Estad&iacute;stica y Censos (Indec). El rubro de mayor aumento en el mes fue Vivienda, agua, electricidad y otros combustibles con el 7% [&hellip;]<\/p>\n","protected":false},"author":2,"featured_media":7194,"comment_status":"open","ping_status":"open","sticky":false,"template":"","format":"standard","meta":{"footnotes":""},"categories":[5,176],"tags":[1983,320,1606],"class_list":["post-7193","post","type-post","status-publish","format-standard","has-post-thumbnail","hentry","category-nacionales","category-politica","tag-agosto","tag-indec","tag-inflacion"],"_links":{"self":[{"href":"https:\/\/partediario.com.ar\/index.php?rest_route=\/wp\/v2\/posts\/7193","targetHints":{"allow":["GET"]}}],"collection":[{"href":"https:\/\/partediario.com.ar\/index.php?rest_route=\/wp\/v2\/posts"}],"about":[{"href":"https:\/\/partediario.com.ar\/index.php?rest_route=\/wp\/v2\/types\/post"}],"author":[{"embeddable":true,"href":"https:\/\/partediario.com.ar\/index.php?rest_route=\/wp\/v2\/users\/2"}],"replies":[{"embeddable":true,"href":"https:\/\/partediario.com.ar\/index.php?rest_route=%2Fwp%2Fv2%2Fcomments&post=7193"}],"version-history":[{"count":1,"href":"https:\/\/partediario.com.ar\/index.php?rest_route=\/wp\/v2\/posts\/7193\/revisions"}],"predecessor-version":[{"id":7195,"href":"https:\/\/partediario.com.ar\/index.php?rest_route=\/wp\/v2\/posts\/7193\/revisions\/7195"}],"wp:featuredmedia":[{"embeddable":true,"href":"https:\/\/partediario.com.ar\/index.php?rest_route=\/wp\/v2\/media\/7194"}],"wp:attachment":[{"href":"https:\/\/partediario.com.ar\/index.php?rest_route=%2Fwp%2Fv2%2Fmedia&parent=7193"}],"wp:term":[{"taxonomy":"category","embeddable":true,"href":"https:\/\/partediario.com.ar\/index.php?rest_route=%2Fwp%2Fv2%2Fcategories&post=7193"},{"taxonomy":"post_tag","embeddable":true,"href":"https:\/\/partediario.com.ar\/index.php?rest_route=%2Fwp%2Fv2%2Ftags&post=7193"}],"curies":[{"name":"wp","href":"https:\/\/api.w.org\/{rel}","templated":true}]}}