{"id":7196,"date":"2024-09-12T08:32:14","date_gmt":"2024-09-12T11:32:14","guid":{"rendered":"https:\/\/partediario.com.ar\/?p=7196"},"modified":"2024-09-12T08:32:14","modified_gmt":"2024-09-12T11:32:14","slug":"german-kiczka-solicito-declarar-y-sera-trasladado-para-brindar-testimonio-frente-al-juez-miguel-angel-faria","status":"publish","type":"post","link":"https:\/\/partediario.com.ar\/?p=7196","title":{"rendered":"Germ\u00e1n Kiczka solicit\u00f3 declarar y ser\u00e1 trasladado para brindar testimonio frente al juez Miguel \u00c1ngel Faria"},"content":{"rendered":"\n<h3 class=\"wp-block-heading\">El diputado Germ\u00e1n Kiczka pidi\u00f3 declarar en medio de su expulsi\u00f3n de la Legislatura de Misiones en el caso en el que est\u00e1 detenido por pedofilia junto con su hermano Sebasti\u00e1n.<\/h3>\n\n\n\n<p>Este jueves Kiczka dar\u00e1 testimonio frente al juez Miguel \u00c1ngel Faria en el Juzgado de Instrucci\u00f3n Cuatro de Ap\u00f3stoles tras el pedido realizado por su abogado y se espera que el traslado sea alrededor de las 10.<\/p>\n\n\n\n<p>Poco despu\u00e9s de ser detenido, y tras permanecer pr\u00f3fugo de la Justicia durante varios d\u00edas, el diputado se hab\u00eda negado a declarar, motivo por el cual sorprende que \u00e9l mismo haya pedido presentarse ante el Faria.<\/p>\n\n\n\n<p>Adem\u00e1s, este jueves tambi\u00e9n se lleva a cabo su expulsi\u00f3n de la Legislatura de Misiones, despu\u00e9s que una comisi\u00f3n investigadora haya analizado la causa judicial contra Kiczka y eleve un informe en el que disponen expulsarlo por \u201csu mala conducta, su inhabilidad moral, la magnitud y la gravedad de sus acciones\u201d.<\/p>\n\n\n\n<p>En las \u00faltimas horas se realiz\u00f3 la apertura de los dispositivos secuestrados en el despacho del acusado en la C\u00e1mara de Representantes, en el Social Club perteneciente a Pedro Puerta y al momento de su detenci\u00f3n en Corrientes.<\/p>\n\n\n\n<p>Trascendi\u00f3 que en este \u00faltimo caso se habr\u00eda encontrado material sensible ligado al caso por tenencia y distribuci\u00f3n de material de abuso sexual infantil.<\/p>\n\n\n\n<p>En estos momentos ambos hermanos, se encuentran alojados en la Unidad Penal VIII de Cerro Azul donde los \u00faltimos fines de semana recibieron la visita de familiares y all\u00ed se los vio sonriendo, mientras tomaban mate y com\u00edan.<\/p>\n","protected":false},"excerpt":{"rendered":"<p>El diputado Germ&aacute;n Kiczka pidi&oacute; declarar en medio de su expulsi&oacute;n de la Legislatura de Misiones en el caso en el que est&aacute; detenido por pedofilia junto con su hermano Sebasti&aacute;n. Este jueves Kiczka dar&aacute; testimonio frente al juez Miguel &Aacute;ngel Faria en el Juzgado de Instrucci&oacute;n Cuatro de Ap&oacute;stoles tras el pedido realizado por [&hellip;]<\/p>\n","protected":false},"author":2,"featured_media":7197,"comment_status":"open","ping_status":"open","sticky":false,"template":"","format":"standard","meta":{"footnotes":""},"categories":[979,5],"tags":[1020,2830,2904],"class_list":["post-7196","post","type-post","status-publish","format-standard","has-post-thumbnail","hentry","category-judiciales","category-nacionales","tag-declaracion","tag-german-kiczka","tag-miguel-angel-faria"],"_links":{"self":[{"href":"https:\/\/partediario.com.ar\/index.php?rest_route=\/wp\/v2\/posts\/7196","targetHints":{"allow":["GET"]}}],"collection":[{"href":"https:\/\/partediario.com.ar\/index.php?rest_route=\/wp\/v2\/posts"}],"about":[{"href":"https:\/\/partediario.com.ar\/index.php?rest_route=\/wp\/v2\/types\/post"}],"author":[{"embeddable":true,"href":"https:\/\/partediario.com.ar\/index.php?rest_route=\/wp\/v2\/users\/2"}],"replies":[{"embeddable":true,"href":"https:\/\/partediario.com.ar\/index.php?rest_route=%2Fwp%2Fv2%2Fcomments&post=7196"}],"version-history":[{"count":1,"href":"https:\/\/partediario.com.ar\/index.php?rest_route=\/wp\/v2\/posts\/7196\/revisions"}],"predecessor-version":[{"id":7198,"href":"https:\/\/partediario.com.ar\/index.php?rest_route=\/wp\/v2\/posts\/7196\/revisions\/7198"}],"wp:featuredmedia":[{"embeddable":true,"href":"https:\/\/partediario.com.ar\/index.php?rest_route=\/wp\/v2\/media\/7197"}],"wp:attachment":[{"href":"https:\/\/partediario.com.ar\/index.php?rest_route=%2Fwp%2Fv2%2Fmedia&parent=7196"}],"wp:term":[{"taxonomy":"category","embeddable":true,"href":"https:\/\/partediario.com.ar\/index.php?rest_route=%2Fwp%2Fv2%2Fcategories&post=7196"},{"taxonomy":"post_tag","embeddable":true,"href":"https:\/\/partediario.com.ar\/index.php?rest_route=%2Fwp%2Fv2%2Ftags&post=7196"}],"curies":[{"name":"wp","href":"https:\/\/api.w.org\/{rel}","templated":true}]}}