{"id":7199,"date":"2024-09-12T08:44:32","date_gmt":"2024-09-12T11:44:32","guid":{"rendered":"https:\/\/partediario.com.ar\/?p=7199"},"modified":"2024-09-12T08:44:32","modified_gmt":"2024-09-12T11:44:32","slug":"murio-a-los-86-anos-alberto-fujimori-expresidente-de-peru","status":"publish","type":"post","link":"https:\/\/partediario.com.ar\/?p=7199","title":{"rendered":"Muri\u00f3 a los 86 a\u00f1os, Alberto Fujimori, expresidente de Per\u00fa"},"content":{"rendered":"\n<h3 class=\"wp-block-heading\">En diciembre fue excarcelado, luego de haber sido acusado por delitos de lesa humanidad.<\/h3>\n\n\n\n<p>El expresidente de Per\u00fa Alberto Fujimori, quien pas\u00f3 15 a\u00f1os en prisi\u00f3n por delitos de lesa humanidad, muri\u00f3 este mi\u00e9rcoles en Lima, lo noticia fue confirmada por su hija mayor, Keiko, a trav\u00e9s de las redes sociales.<\/p>\n\n\n\n<p>\u00abDespu\u00e9s de una larga batalla contra el c\u00e1ncer, nuestro padre, Alberto Fujimori acaba de partir al encuentro del Se\u00f1or. Pedimos a quienes lo apreciaron nos acompa\u00f1en con una oraci\u00f3n por el eterno descanso de su alma. Gracias por tanto pap\u00e1!\u00bb, expres\u00f3 la mujer en la red social X.<\/p>\n\n\n\n<p>El exmandatario, de 86 a\u00f1os, ocup\u00f3 el cargo entre 1990 y 2000, y hab\u00eda sido condenado a 15 a\u00f1os de prisi\u00f3n por vulnerar los derechos humanos, delito por el cual estuvo encarcelado hasta diciembre del a\u00f1o pasado, luego de un pol\u00e9mico indulto.<\/p>\n\n\n\n<p>La salud de Fujimori hab\u00eda empeorado en los \u00faltimos meses, raz\u00f3n por la cual viv\u00eda en la casa de Keiko, junto a ella y sus nietos en el distrito lime\u00f1o de San Borja.<\/p>\n\n\n\n<p>Precisamente, sus problemas de salud incidieron para que la justicia de su pa\u00eds le permitiera dejar el penal de Barbadillo, donde tambi\u00e9n se encuentran alojados otros ex mandatarios peruanos: Pedro Castillo y Alejandro Toledo.<\/p>\n\n\n\n<p>Por su parte, la administraci\u00f3n de la actual presidenta Dina Boluarte se\u00f1al\u00f3 en un comunicado que \u00abseguir\u00e1 estrictamente los protocolos fijados por la canciller\u00eda\u00bb. Es decir, le rendir\u00e1n honores de Estado.<\/p>\n\n\n\n<p>En los \u00faltimos meses, Fujimori hab\u00eda tenido un papel activo en las redes sociales, tratando de limpiar su imagen, y hasta se afili\u00f3 al partido Fuerza Popular, liderado por su hija Keiko, quien ya se postul\u00f3 en tres oportunidades a la presidencia, aunque no logr\u00f3 su objetivo.<\/p>\n\n\n\n<p>De todos modos, Keiko afirm\u00f3 que su padre era la carta principal de su agrupaci\u00f3n de cara a las elecciones generales del a\u00f1o pr\u00f3ximo: \u00abes \u00e9l quien debe llevar la batuta. Yo dejar\u00eda que sea mi padre el l\u00edder de esa plancha presidencial\u00bb.<\/p>\n\n\n\n<p>Despu\u00e9s de haber alcanzado la presidencia, a comienzos de la d\u00e9cada del &#8217;90, Fujimori disolvi\u00f3 el Congreso, clausur\u00f3 la discusi\u00f3n pol\u00edtica e impuso un r\u00e9gimen al estilo de una dictadura militar.<\/p>\n\n\n\n<p>Tambi\u00e9n estableci\u00f3 un estricto ajuste econ\u00f3mico y una devaluaci\u00f3n feroz para tratar de contener la inflaci\u00f3n, que al momento de su asunci\u00f3n era de casi 400 por ciento mensual.<\/p>\n\n\n\n<p>El dirigente, de ascendencia japonesa, hab\u00eda sido condenado por delitos de lesa humanidad, ya que se lo responsabiliz\u00f3 por las matanzas de Barrios Altos y La Cantuta, en 1991 y 1992, respectivamente. Tambi\u00e9n se lo vincul\u00f3 a los secuestros del periodista Gustavo Gorriti y del empresario Samuel Dyer Ampudia, como as\u00ed tambi\u00e9n a hechos de espionaje y corrupci\u00f3n.<\/p>\n\n\n\n<p>Cuando asumi\u00f3, como sucesor de Alan Garc\u00eda, Per\u00fa atravesaba una grave crisis econ\u00f3mica y estaba inmerso en un conflicto armado interno debido a la acci\u00f3n de los grupos terroristas Sendero Luminoso y el Movimiento Revolucionario T\u00fapac Amaru.<\/p>\n\n\n\n<p>Entre 1995-2001 fueron esterilizadas forzosamente 346.219 mujeres y 24.535 varones, seg\u00fan un informe realizado por una comisi\u00f3n parlamentaria independiente, el a\u00f1o 2002. El mismo congreso nacional del Per\u00fa investig\u00f3 los casos de anticoncepci\u00f3n quir\u00fargica y concluy\u00f3 que 314.605 mujeres fueron esterilizadas en el marco del Programa Nacional de Planificaci\u00f3n Familiar del gobierno de Alberto Fujimori.<\/p>\n\n\n\n<p>El Comit\u00e9 Latinoamericano y del Caribe de los Derechos de la Mujer (Cladem) concluy\u00f3 que s\u00f3lo el 10&nbsp;% de las mujeres que fueron esterilizadas en aquel periodo dieron su \u201cconsentimiento genuino\u201d.<\/p>\n\n\n\n<p>Su popularidad tom\u00f3 impulso tras la captura del l\u00edder de Sendero Luminoso, Abimael Guzm\u00e1n, y otros miembros claves de esa organizaci\u00f3n terrorista, que provoc\u00f3 m\u00e1s de 12 mil asesinatos.<\/p>\n\n\n\n<p>Tras dos per\u00edodos como presidente, Fujimori inici\u00f3 su tercer mandato pero a fines de 2000 se difundi\u00f3 un video que mostraba a uno de sus asesores, Vladimiro Montesinos, sobornando a un legislador opositor. Luego de ese episodio el entonces presidente se refugi\u00f3 en Jap\u00f3n y renunci\u00f3 a su cargo mediante un fax.<\/p>\n","protected":false},"excerpt":{"rendered":"<p>En diciembre fue excarcelado, luego de haber sido acusado por delitos de lesa humanidad. El expresidente de Per&uacute; Alberto Fujimori, quien pas&oacute; 15 a&ntilde;os en prisi&oacute;n por delitos de lesa humanidad, muri&oacute; este mi&eacute;rcoles en Lima, lo noticia fue confirmada por su hija mayor, Keiko, a trav&eacute;s de las redes sociales. &laquo;Despu&eacute;s de una larga [&hellip;]<\/p>\n","protected":false},"author":2,"featured_media":7200,"comment_status":"open","ping_status":"open","sticky":false,"template":"","format":"standard","meta":{"footnotes":""},"categories":[9,176],"tags":[3198,561],"class_list":["post-7199","post","type-post","status-publish","format-standard","has-post-thumbnail","hentry","category-internacionales","category-politica","tag-alberto-fujimori","tag-murio"],"_links":{"self":[{"href":"https:\/\/partediario.com.ar\/index.php?rest_route=\/wp\/v2\/posts\/7199","targetHints":{"allow":["GET"]}}],"collection":[{"href":"https:\/\/partediario.com.ar\/index.php?rest_route=\/wp\/v2\/posts"}],"about":[{"href":"https:\/\/partediario.com.ar\/index.php?rest_route=\/wp\/v2\/types\/post"}],"author":[{"embeddable":true,"href":"https:\/\/partediario.com.ar\/index.php?rest_route=\/wp\/v2\/users\/2"}],"replies":[{"embeddable":true,"href":"https:\/\/partediario.com.ar\/index.php?rest_route=%2Fwp%2Fv2%2Fcomments&post=7199"}],"version-history":[{"count":1,"href":"https:\/\/partediario.com.ar\/index.php?rest_route=\/wp\/v2\/posts\/7199\/revisions"}],"predecessor-version":[{"id":7201,"href":"https:\/\/partediario.com.ar\/index.php?rest_route=\/wp\/v2\/posts\/7199\/revisions\/7201"}],"wp:featuredmedia":[{"embeddable":true,"href":"https:\/\/partediario.com.ar\/index.php?rest_route=\/wp\/v2\/media\/7200"}],"wp:attachment":[{"href":"https:\/\/partediario.com.ar\/index.php?rest_route=%2Fwp%2Fv2%2Fmedia&parent=7199"}],"wp:term":[{"taxonomy":"category","embeddable":true,"href":"https:\/\/partediario.com.ar\/index.php?rest_route=%2Fwp%2Fv2%2Fcategories&post=7199"},{"taxonomy":"post_tag","embeddable":true,"href":"https:\/\/partediario.com.ar\/index.php?rest_route=%2Fwp%2Fv2%2Ftags&post=7199"}],"curies":[{"name":"wp","href":"https:\/\/api.w.org\/{rel}","templated":true}]}}