{"id":7208,"date":"2024-09-12T14:36:51","date_gmt":"2024-09-12T17:36:51","guid":{"rendered":"https:\/\/partediario.com.ar\/?p=7208"},"modified":"2024-09-12T14:36:52","modified_gmt":"2024-09-12T17:36:52","slug":"murio-una-joven-turista-al-ser-atropellada-por-un-colectivo-mientras-paseaba-en-bicicleta-por-las-sierres-de-cordoba","status":"publish","type":"post","link":"https:\/\/partediario.com.ar\/?p=7208","title":{"rendered":"Muri\u00f3 una joven turista al ser atropellada por un colectivo mientras paseaba en bicicleta por las sierres de C\u00f3rdoba"},"content":{"rendered":"\n<h3 class=\"wp-block-heading\">La tragedia vial sucedi\u00f3 en el Camino de las Cien Curvas, en la ciudad cordobesa de Villa Carlos Paz. Sof\u00eda Denis ten\u00eda 23 a\u00f1os, era de Balcarce y estaba con su novio cuando fue embestida.<\/h3>\n\n\n\n<p>Un tr\u00e1gico accidente vial gener\u00f3 gran conmoci\u00f3n en de Villa Carlos Paz, cuando una joven turista de 23 a\u00f1os falleci\u00f3 de manera instant\u00e1nea tras ser embestida por un micro de larga distancia mientras paseaba en bicicleta junto a su novio.<\/p>\n\n\n\n<p>El lamentable incidente ocurri\u00f3 este martes en el conocido Camino de las Cien Curvas, a la salida de la reconocida ciudad cordobesa.<\/p>\n\n\n\n<p><\/p>\n\n\n\n<figure class=\"wp-block-image size-full\"><img loading=\"lazy\" decoding=\"async\" width=\"900\" height=\"600\" src=\"https:\/\/partediario.com.ar\/wp-content\/uploads\/e_1726126838_8645.webp\" alt=\"\" class=\"wp-image-7209\" srcset=\"https:\/\/partediario.com.ar\/wp-content\/uploads\/e_1726126838_8645.webp 900w, https:\/\/partediario.com.ar\/wp-content\/uploads\/e_1726126838_8645-300x200.webp 300w, https:\/\/partediario.com.ar\/wp-content\/uploads\/e_1726126838_8645-768x512.webp 768w\" sizes=\"auto, (max-width: 900px) 100vw, 900px\" \/><\/figure>\n\n\n\n<p><\/p>\n\n\n\n<p>Fuentes policiales indicaron que la joven fue atropellada por un colectivo de dos pisos, marca Volvo, que era conducido por un hombre de 38 a\u00f1os. Este veh\u00edculo trasladaba un grupo de turistas de Mar del Plata que se dirig\u00edan hacia Cosqu\u00edn.<\/p>\n\n\n\n<p>Seg\u00fan a la informaci\u00f3n, se supo que el accidente se produjo cerca de las 16:00, cuando la joven, identificada como Sof\u00eda Denis, de 23 a\u00f1os y originaria de Balcarce, iba acompa\u00f1ada por su novio.<\/p>\n\n\n\n<p>Las autoridades investigan c\u00f3mo ocurri\u00f3 el accidente, y el testimonio del novio de la v\u00edctima podr\u00eda ser crucial para esclarecer los detalles del tr\u00e1gico suceso.<\/p>\n\n\n\n<p><strong>El testimonio del novio de la v\u00edctima fatal<\/strong><\/p>\n\n\n\n<p>Seg\u00fan las declaraciones del novio de Sof\u00eda, la pareja hab\u00eda decidido aprovechar el d\u00eda para conocer el dique San Roque. Sin embargo, nunca lograron llegar a su destino. El joven se\u00f1ala que \u00abestaban paseando sobre avenida Bach al 1700 cuando la embisti\u00f3 un \u00f3mnibus de larga distancia\u00bb.<\/p>\n\n\n\n<p>Una fuente investigativa se\u00f1al\u00f3 que \u00abes un lugar en que habitualmente hay mucha gente en bicicleta o entrenando porque tiene hermosos paisajes. Lamentablemente es sumamente peligroso por el tipo de camino que tiene, angosto y sinuoso\u00bb.<\/p>\n\n\n\n<p>El tramo del Camino de las Cien Curvas donde se produjo el accidente vial, fue cerrado al tr\u00e1nsito total hasta cerca de las 19:00. Durante ese tiempo, se llevaron a cabo trabajos de emergencia y se llev\u00f3 a cabo una investigaci\u00f3n por parte del personal de Polic\u00eda Judicial para determinar las causas exactas de la tragedia. El conductor del micro qued\u00f3 demorado mientras se avanza en la investigaci\u00f3n.<\/p>\n","protected":false},"excerpt":{"rendered":"<p>La tragedia vial sucedi&oacute; en el Camino de las Cien Curvas, en la ciudad cordobesa de Villa Carlos Paz. Sof&iacute;a Denis ten&iacute;a 23 a&ntilde;os, era de Balcarce y estaba con su novio cuando fue embestida. Un tr&aacute;gico accidente vial gener&oacute; gran conmoci&oacute;n en de Villa Carlos Paz, cuando una joven turista de 23 a&ntilde;os falleci&oacute; [&hellip;]<\/p>\n","protected":false},"author":2,"featured_media":7210,"comment_status":"open","ping_status":"open","sticky":false,"template":"","format":"standard","meta":{"footnotes":""},"categories":[5,7],"tags":[443,303,445,3208,3075],"class_list":["post-7208","post","type-post","status-publish","format-standard","has-post-thumbnail","hentry","category-nacionales","category-policiales","tag-accidente","tag-cordoba","tag-fatal","tag-sofia-denis","tag-villa-carlos-paz"],"_links":{"self":[{"href":"https:\/\/partediario.com.ar\/index.php?rest_route=\/wp\/v2\/posts\/7208","targetHints":{"allow":["GET"]}}],"collection":[{"href":"https:\/\/partediario.com.ar\/index.php?rest_route=\/wp\/v2\/posts"}],"about":[{"href":"https:\/\/partediario.com.ar\/index.php?rest_route=\/wp\/v2\/types\/post"}],"author":[{"embeddable":true,"href":"https:\/\/partediario.com.ar\/index.php?rest_route=\/wp\/v2\/users\/2"}],"replies":[{"embeddable":true,"href":"https:\/\/partediario.com.ar\/index.php?rest_route=%2Fwp%2Fv2%2Fcomments&post=7208"}],"version-history":[{"count":1,"href":"https:\/\/partediario.com.ar\/index.php?rest_route=\/wp\/v2\/posts\/7208\/revisions"}],"predecessor-version":[{"id":7211,"href":"https:\/\/partediario.com.ar\/index.php?rest_route=\/wp\/v2\/posts\/7208\/revisions\/7211"}],"wp:featuredmedia":[{"embeddable":true,"href":"https:\/\/partediario.com.ar\/index.php?rest_route=\/wp\/v2\/media\/7210"}],"wp:attachment":[{"href":"https:\/\/partediario.com.ar\/index.php?rest_route=%2Fwp%2Fv2%2Fmedia&parent=7208"}],"wp:term":[{"taxonomy":"category","embeddable":true,"href":"https:\/\/partediario.com.ar\/index.php?rest_route=%2Fwp%2Fv2%2Fcategories&post=7208"},{"taxonomy":"post_tag","embeddable":true,"href":"https:\/\/partediario.com.ar\/index.php?rest_route=%2Fwp%2Fv2%2Ftags&post=7208"}],"curies":[{"name":"wp","href":"https:\/\/api.w.org\/{rel}","templated":true}]}}