{"id":7215,"date":"2024-09-12T18:18:20","date_gmt":"2024-09-12T21:18:20","guid":{"rendered":"https:\/\/partediario.com.ar\/?p=7215"},"modified":"2024-09-12T18:18:21","modified_gmt":"2024-09-12T21:18:21","slug":"agricultores-federados-argentinos-manifestaron-a-frigerio-su-interes-por-invertir-en-la-provincia","status":"publish","type":"post","link":"https:\/\/partediario.com.ar\/?p=7215","title":{"rendered":"Agricultores Federados Argentinos manifestaron a Frigerio su inter\u00e9s por invertir en la provincia"},"content":{"rendered":"\n<h3 class=\"wp-block-heading\">El gobernador Rogelio Frigerio se reuni\u00f3 con integrantes de la cooperativa Agricultores Federados Argentinos (AFA), quienes vinieron a manifestarle su intenci\u00f3n de invertir en la provincia con iniciativas que aporten valor agregado a la producci\u00f3n.<\/h3>\n\n\n\n<p>Tras el encuentro, el ministro de Desarrollo Econ\u00f3mico, Guillermo Bernaudo, explic\u00f3 que AFA es la cooperativa del sector m\u00e1s grande del pa\u00eds. Se\u00f1al\u00f3 que \u00abel objetivo del gobernador es generar inversiones para tener empleo privado y m\u00e1s trabajo para nuestros j\u00f3venes; y proyectos como los que ha desarrollado AFA a lo largo de toda su historia tienen que ver con eso\u00bb.<\/p>\n\n\n\n<p>\u00abEs una cooperativa que trabaja con todo dentro de la formalidad y uno de los inversores que la provincia necesita, esa fue la respuesta del gobernador\u00bb, dijo el ministro y agreg\u00f3 que el mandatario se puso a disposici\u00f3n junto a todos sus funcionarios \u00abpara que cualquier proyecto que tengan para invertir en la provincia se lo facilitemos y encontremos la soluci\u00f3n a los problemas\u00bb.<\/p>\n\n\n\n<p>Por su parte, el presidente de AFA, Dar\u00edo Marinozzi, se\u00f1al\u00f3: \u00abVinimos a presentarnos como cooperativa, que nos conozcan. Tenemos m\u00e1s de 20 a\u00f1os de presencia en la provincia. Hist\u00f3ricamente estamos m\u00e1s arraigados en la zona sur de la provincia de Santa Fe, pero hoy tenemos presencia en 10 provincias argentinas, una de las cuales es Entre R\u00edos\u00bb.<\/p>\n\n\n\n<p>\u00abTenemos un crecimiento paulatino en todos estos a\u00f1os y con intenciones de empezar a crecer dentro del \u00e1mbito de la provincia de Entre R\u00edos, fundamentalmente con una visi\u00f3n de inversiones en valor agregado, que es lo que creemos que es necesario y lo que la cooperativa debe hacer\u00bb, explic\u00f3 sobre el encuentro con el gobernador.<\/p>\n\n\n\n<p>Indic\u00f3 que la cooperativa ya cuenta con varios emprendimientos de valor agregado en otras provincias y \u00abquisimos venir a presentarles esta idea al gobernador y al ministro, quienes nos han facilitado todos los equipos de trabajo del gobierno para que empecemos a desarrollar alg\u00fan proyecto, con la factibilidad para llevarlo adelante\u00bb.<\/p>\n\n\n\n<p>En ese sentido, dijo que \u00abnos vamos muy satisfechos con la reuni\u00f3n, nos han dedicado el tiempo y nos contaron la visi\u00f3n que tienen como gobierno de esta provincia\u00bb.<\/p>\n\n\n\n<p>En el encuentro estuvieron presentes, adem\u00e1s, el gerente general de AFA, Gonzalo del Piano; el subgerente general Claudio Pereyra, el secretario Eduardo Colmegna y el coordinador Institucional Luis Contigiani.<\/p>\n\n\n\n<p><\/p>\n\n\n\n<figure class=\"wp-block-embed is-type-video is-provider-youtube wp-block-embed-youtube wp-embed-aspect-16-9 wp-has-aspect-ratio\"><div class=\"wp-block-embed__wrapper\">\n<iframe loading=\"lazy\" title=\"Agricultores Federados Argentinos manifestaron a Frigerio su inter\u00e9s por invertir en la provincia\" width=\"640\" height=\"360\" src=\"https:\/\/www.youtube.com\/embed\/AmIor-jXzbU?feature=oembed\" frameborder=\"0\" allow=\"accelerometer; autoplay; clipboard-write; encrypted-media; gyroscope; picture-in-picture; web-share\" referrerpolicy=\"strict-origin-when-cross-origin\" allowfullscreen><\/iframe>\n<\/div><\/figure>\n","protected":false},"excerpt":{"rendered":"<p>El gobernador Rogelio Frigerio se reuni&oacute; con integrantes de la cooperativa Agricultores Federados Argentinos (AFA), quienes vinieron a manifestarle su intenci&oacute;n de invertir en la provincia con iniciativas que aporten valor agregado a la producci&oacute;n. Tras el encuentro, el ministro de Desarrollo Econ&oacute;mico, Guillermo Bernaudo, explic&oacute; que AFA es la cooperativa del sector m&aacute;s grande [&hellip;]<\/p>\n","protected":false},"author":2,"featured_media":7216,"comment_status":"open","ping_status":"open","sticky":false,"template":"","format":"standard","meta":{"footnotes":""},"categories":[176,8],"tags":[3209,257,3210,245],"class_list":["post-7215","post","type-post","status-publish","format-standard","has-post-thumbnail","hentry","category-politica","category-provinciales","tag-agricultores","tag-entre-rios","tag-federados","tag-rogelio-frigerio"],"_links":{"self":[{"href":"https:\/\/partediario.com.ar\/index.php?rest_route=\/wp\/v2\/posts\/7215","targetHints":{"allow":["GET"]}}],"collection":[{"href":"https:\/\/partediario.com.ar\/index.php?rest_route=\/wp\/v2\/posts"}],"about":[{"href":"https:\/\/partediario.com.ar\/index.php?rest_route=\/wp\/v2\/types\/post"}],"author":[{"embeddable":true,"href":"https:\/\/partediario.com.ar\/index.php?rest_route=\/wp\/v2\/users\/2"}],"replies":[{"embeddable":true,"href":"https:\/\/partediario.com.ar\/index.php?rest_route=%2Fwp%2Fv2%2Fcomments&post=7215"}],"version-history":[{"count":1,"href":"https:\/\/partediario.com.ar\/index.php?rest_route=\/wp\/v2\/posts\/7215\/revisions"}],"predecessor-version":[{"id":7217,"href":"https:\/\/partediario.com.ar\/index.php?rest_route=\/wp\/v2\/posts\/7215\/revisions\/7217"}],"wp:featuredmedia":[{"embeddable":true,"href":"https:\/\/partediario.com.ar\/index.php?rest_route=\/wp\/v2\/media\/7216"}],"wp:attachment":[{"href":"https:\/\/partediario.com.ar\/index.php?rest_route=%2Fwp%2Fv2%2Fmedia&parent=7215"}],"wp:term":[{"taxonomy":"category","embeddable":true,"href":"https:\/\/partediario.com.ar\/index.php?rest_route=%2Fwp%2Fv2%2Fcategories&post=7215"},{"taxonomy":"post_tag","embeddable":true,"href":"https:\/\/partediario.com.ar\/index.php?rest_route=%2Fwp%2Fv2%2Ftags&post=7215"}],"curies":[{"name":"wp","href":"https:\/\/api.w.org\/{rel}","templated":true}]}}