{"id":7218,"date":"2024-09-12T18:29:32","date_gmt":"2024-09-12T21:29:32","guid":{"rendered":"https:\/\/partediario.com.ar\/?p=7218"},"modified":"2024-09-12T18:29:33","modified_gmt":"2024-09-12T21:29:33","slug":"sadir-entrego-certificados-de-capacitacion-en-programacion-informatica","status":"publish","type":"post","link":"https:\/\/partediario.com.ar\/?p=7218","title":{"rendered":"Sadir entreg\u00f3 certificados de capacitaci\u00f3n en programaci\u00f3n inform\u00e1tica"},"content":{"rendered":"\n<h3 class=\"wp-block-heading\">El gobernador Carlos Sadir encabez\u00f3 acto de entrega de 220 certificados de capacitaci\u00f3n en Web Full Stack en el marco del programa provincial \u201cHacia mi primer empleo digital\u201d. El mandatario ponder\u00f3 que esta formaci\u00f3n \u201cabre las puertas a un mundo que est\u00e1 en constante crecimiento\u201d.<\/h3>\n\n\n\n<p>Resalt\u00f3 que \u201cd\u00edas atr\u00e1s un grupo de ex alumnos de la Universidad de Yale de Estados Unidos visit\u00f3 Jujuy para reunirse con el Gobierno y evaluar estrategias en conjunto para favorecer el crecimiento de la provincia\u201d.<\/p>\n\n\n\n<p>Puso de relieve que \u201chay juje\u00f1os profesionales que integran ese grupo que visit\u00f3 la provincia y que se destacan en sus campos profesionales, lo cual llena de orgullo a uno como juje\u00f1o\u201d.<\/p>\n\n\n\n<p>Asimismo, hizo hincapi\u00e9 en que \u201cesta capacitaci\u00f3n les abre las puertas al mundo y que los pone en una situaci\u00f3n inmejorable en un contexto que avanza continuamente\u201d y agreg\u00f3 que \u201choy est\u00e1n aptos para entrar, desarrollarse, trabajar y destacarse\u201d. Por \u00faltimo, Sadir agradeci\u00f3 el trabajo que llevaron adelante las carteras de Desarrollo Econ\u00f3mico y Producci\u00f3n y de Educaci\u00f3n.<\/p>\n\n\n\n<p><\/p>\n\n\n\n<figure class=\"wp-block-image size-large\"><img loading=\"lazy\" decoding=\"async\" width=\"1024\" height=\"683\" src=\"https:\/\/partediario.com.ar\/wp-content\/uploads\/whatsapp-image-2024-09-12-at-20542-pm-1jpeg-1024x683.webp\" alt=\"\" class=\"wp-image-7219\" srcset=\"https:\/\/partediario.com.ar\/wp-content\/uploads\/whatsapp-image-2024-09-12-at-20542-pm-1jpeg-1024x683.webp 1024w, https:\/\/partediario.com.ar\/wp-content\/uploads\/whatsapp-image-2024-09-12-at-20542-pm-1jpeg-300x200.webp 300w, https:\/\/partediario.com.ar\/wp-content\/uploads\/whatsapp-image-2024-09-12-at-20542-pm-1jpeg-768x512.webp 768w, https:\/\/partediario.com.ar\/wp-content\/uploads\/whatsapp-image-2024-09-12-at-20542-pm-1jpeg.webp 1200w\" sizes=\"auto, (max-width: 1024px) 100vw, 1024px\" \/><\/figure>\n\n\n\n<p><\/p>\n\n\n\n<p>En tanto, el ministro de Desarrollo Econ\u00f3mico y Producci\u00f3n, Juan Carlos Abud, felicit\u00f3 a quienes recibieron sus certificados por su trabajo y esfuerzo. \u201cDespu\u00e9s de un a\u00f1o y medio logran sus frutos\u201d, dijo y adelant\u00f3 que \u201cel pr\u00f3ximo paso es una pr\u00e1ctica profesionalizante para que puedan llegar a tener su primer empleo digital\u201d. Indic\u00f3 que \u201ceste fue un gran esfuerzo del Gobierno que otorg\u00f3 estas becas por iniciativa del exgobernador Gerardo Morales\u201d.<\/p>\n\n\n\n<p>En otro orden, recalc\u00f3 que con la Universidad de Yale \u201cse comenzar\u00e1 a trabajar de manera conjunta en un programa a implementar por el potencial que existe de seguir la transformaci\u00f3n de Jujuy\u201d. Puso \u00e9nfasis en que los 220 egresados, \u201cen cada una de sus localidades podr\u00e1n trabajar y ayudar, as\u00ed como este Gobierno los ayud\u00f3 a que se formen, y que puedan alcanzar un nivel superior\u201d. \u201cFormamos una masa cr\u00edtica que era necesaria como piso para que Jujuy pueda crecer en tecnolog\u00eda y desarrollo\u201d, precis\u00f3 y resalt\u00f3 que \u201cse acuerda con Universidad de Yale la llegada en marzo del a\u00f1o pr\u00f3ximo, la llegada de un grupo de 50 personas que vienen a relevar informaci\u00f3n y evaluar c\u00f3mo pueden ayudar a crecer en el \u00e1mbito tecnol\u00f3gico para todas las \u00e1reas\u201d. \u201cEsta es la idea del cambio de la matriz productiva de Jujuy\u201d, afirm\u00f3 finalmente.<\/p>\n\n\n\n<p>Por su parte, la ministra de Educaci\u00f3n, Miriam Serrano, felicit\u00f3 a los egresados que \u201cse animaron al desaf\u00edo de programar, de superar inconvenientes\u201d. Indic\u00f3 por \u00faltimo, que \u201cson personas que seguramente van a seguir trabajando para formarse y ser parte de esa industria del conocimiento, y que fundamentalmente sean hacedores del conocimiento\u201d. Adem\u00e1s estuvieron presentes funcionarios de las carteras mencionadas y el decano de la Facultad de Ingenier\u00eda de la Universidad Nacional de Jujuy, Luis Vargas, entre otras autoridades y personas que recibieron sus certificados y familiares.<\/p>\n","protected":false},"excerpt":{"rendered":"<p>El gobernador Carlos Sadir encabez&oacute; acto de entrega de 220 certificados de capacitaci&oacute;n en Web Full Stack en el marco del programa provincial &ldquo;Hacia mi primer empleo digital&rdquo;. El mandatario ponder&oacute; que esta formaci&oacute;n &ldquo;abre las puertas a un mundo que est&aacute; en constante crecimiento&rdquo;. Resalt&oacute; que &ldquo;d&iacute;as atr&aacute;s un grupo de ex alumnos de [&hellip;]<\/p>\n","protected":false},"author":2,"featured_media":7220,"comment_status":"open","ping_status":"open","sticky":false,"template":"","format":"standard","meta":{"footnotes":""},"categories":[5,176],"tags":[1241,2530,3211,3214,3213,753,3212],"class_list":["post-7218","post","type-post","status-publish","format-standard","has-post-thumbnail","hentry","category-nacionales","category-politica","tag-capacitacion","tag-carlos-sadir","tag-certificados","tag-gerardo-morales","tag-juan-carlos-abud","tag-jujuy","tag-univesidad-de-yale"],"_links":{"self":[{"href":"https:\/\/partediario.com.ar\/index.php?rest_route=\/wp\/v2\/posts\/7218","targetHints":{"allow":["GET"]}}],"collection":[{"href":"https:\/\/partediario.com.ar\/index.php?rest_route=\/wp\/v2\/posts"}],"about":[{"href":"https:\/\/partediario.com.ar\/index.php?rest_route=\/wp\/v2\/types\/post"}],"author":[{"embeddable":true,"href":"https:\/\/partediario.com.ar\/index.php?rest_route=\/wp\/v2\/users\/2"}],"replies":[{"embeddable":true,"href":"https:\/\/partediario.com.ar\/index.php?rest_route=%2Fwp%2Fv2%2Fcomments&post=7218"}],"version-history":[{"count":1,"href":"https:\/\/partediario.com.ar\/index.php?rest_route=\/wp\/v2\/posts\/7218\/revisions"}],"predecessor-version":[{"id":7221,"href":"https:\/\/partediario.com.ar\/index.php?rest_route=\/wp\/v2\/posts\/7218\/revisions\/7221"}],"wp:featuredmedia":[{"embeddable":true,"href":"https:\/\/partediario.com.ar\/index.php?rest_route=\/wp\/v2\/media\/7220"}],"wp:attachment":[{"href":"https:\/\/partediario.com.ar\/index.php?rest_route=%2Fwp%2Fv2%2Fmedia&parent=7218"}],"wp:term":[{"taxonomy":"category","embeddable":true,"href":"https:\/\/partediario.com.ar\/index.php?rest_route=%2Fwp%2Fv2%2Fcategories&post=7218"},{"taxonomy":"post_tag","embeddable":true,"href":"https:\/\/partediario.com.ar\/index.php?rest_route=%2Fwp%2Fv2%2Ftags&post=7218"}],"curies":[{"name":"wp","href":"https:\/\/api.w.org\/{rel}","templated":true}]}}