{"id":7242,"date":"2024-09-13T12:22:19","date_gmt":"2024-09-13T15:22:19","guid":{"rendered":"https:\/\/partediario.com.ar\/?p=7242"},"modified":"2024-09-13T12:22:20","modified_gmt":"2024-09-13T15:22:20","slug":"santa-elena-el-ex-predio-serrasalmus-fue-recuperado-por-la-municipalidad","status":"publish","type":"post","link":"https:\/\/partediario.com.ar\/?p=7242","title":{"rendered":"Santa Elena: el ex predio Serrasalmus fue recuperado por la Municipalidad"},"content":{"rendered":"\n<h3 class=\"wp-block-heading\">El Intendente Daniel Rossi y la viceintendenta Lorena De los Santos encabezaron la firma de la Ordenanza n\u00b0 319 que habilita la concesi\u00f3n del ex predio Serrasalmus a favor de Carlos Arredondo.<\/h3>\n\n\n\n<p>La concesi\u00f3n a favor de Carlos Arredondo, del predio recuperado por el municipio, se realiz\u00f3 con el objetivo de llevar adelante un proyecto comercial y tur\u00edstico.<\/p>\n\n\n\n<p><\/p>\n\n\n\n<figure class=\"wp-block-image size-full\"><img loading=\"lazy\" decoding=\"async\" width=\"600\" height=\"338\" src=\"https:\/\/partediario.com.ar\/wp-content\/uploads\/459380333_931991915639231_798379827548448948_n.jpg\" alt=\"\" class=\"wp-image-7243\" srcset=\"https:\/\/partediario.com.ar\/wp-content\/uploads\/459380333_931991915639231_798379827548448948_n.jpg 600w, https:\/\/partediario.com.ar\/wp-content\/uploads\/459380333_931991915639231_798379827548448948_n-300x169.jpg 300w\" sizes=\"auto, (max-width: 600px) 100vw, 600px\" \/><\/figure>\n\n\n\n<p><\/p>\n\n\n\n<p>Esta iniciativa privada deber\u00e1 contemplar un dise\u00f1o que preserve la naturaleza y el paisaje y que adem\u00f1as fomente la accesibilidad, y debe priorizar entre el futuro personal, la contrataci\u00f3n de profesionales de Turismo y Gesti\u00f3n de Servicios.<\/p>\n","protected":false},"excerpt":{"rendered":"<p>El Intendente Daniel Rossi y la viceintendenta Lorena De los Santos encabezaron la firma de la Ordenanza n&deg; 319 que habilita la concesi&oacute;n del ex predio Serrasalmus a favor de Carlos Arredondo. La concesi&oacute;n a favor de Carlos Arredondo, del predio recuperado por el municipio, se realiz&oacute; con el objetivo de llevar adelante un proyecto [&hellip;]<\/p>\n","protected":false},"author":2,"featured_media":7244,"comment_status":"open","ping_status":"open","sticky":false,"template":"","format":"standard","meta":{"footnotes":""},"categories":[176,8],"tags":[3221,734,207,3220],"class_list":["post-7242","post","type-post","status-publish","format-standard","has-post-thumbnail","hentry","category-politica","category-provinciales","tag-carlos-arredondo","tag-lorena-de-los-santos","tag-santa-elena","tag-serrasalmus"],"_links":{"self":[{"href":"https:\/\/partediario.com.ar\/index.php?rest_route=\/wp\/v2\/posts\/7242","targetHints":{"allow":["GET"]}}],"collection":[{"href":"https:\/\/partediario.com.ar\/index.php?rest_route=\/wp\/v2\/posts"}],"about":[{"href":"https:\/\/partediario.com.ar\/index.php?rest_route=\/wp\/v2\/types\/post"}],"author":[{"embeddable":true,"href":"https:\/\/partediario.com.ar\/index.php?rest_route=\/wp\/v2\/users\/2"}],"replies":[{"embeddable":true,"href":"https:\/\/partediario.com.ar\/index.php?rest_route=%2Fwp%2Fv2%2Fcomments&post=7242"}],"version-history":[{"count":1,"href":"https:\/\/partediario.com.ar\/index.php?rest_route=\/wp\/v2\/posts\/7242\/revisions"}],"predecessor-version":[{"id":7245,"href":"https:\/\/partediario.com.ar\/index.php?rest_route=\/wp\/v2\/posts\/7242\/revisions\/7245"}],"wp:featuredmedia":[{"embeddable":true,"href":"https:\/\/partediario.com.ar\/index.php?rest_route=\/wp\/v2\/media\/7244"}],"wp:attachment":[{"href":"https:\/\/partediario.com.ar\/index.php?rest_route=%2Fwp%2Fv2%2Fmedia&parent=7242"}],"wp:term":[{"taxonomy":"category","embeddable":true,"href":"https:\/\/partediario.com.ar\/index.php?rest_route=%2Fwp%2Fv2%2Fcategories&post=7242"},{"taxonomy":"post_tag","embeddable":true,"href":"https:\/\/partediario.com.ar\/index.php?rest_route=%2Fwp%2Fv2%2Ftags&post=7242"}],"curies":[{"name":"wp","href":"https:\/\/api.w.org\/{rel}","templated":true}]}}