{"id":7252,"date":"2024-09-13T17:18:56","date_gmt":"2024-09-13T20:18:56","guid":{"rendered":"https:\/\/partediario.com.ar\/?p=7252"},"modified":"2024-09-13T17:18:57","modified_gmt":"2024-09-13T20:18:57","slug":"denunciaron-a-patricia-bullrich-por-presunto-abuso-de-autoridad","status":"publish","type":"post","link":"https:\/\/partediario.com.ar\/?p=7252","title":{"rendered":"Denunciaron a Patricia Bullrich por presunto abuso de autoridad"},"content":{"rendered":"\n<h3 class=\"wp-block-heading\">La denuncia la efectiviz\u00f3 el abogado Gregorio Dalb\u00f3n y se debe al operativo de seguridad durante la manifestaci\u00f3n contra el veto presidencial a la reforma jubilatoria.<\/h3>\n\n\n\n<p>La ministra de Seguridad, Patricia Bullrich, fue denunciada hoy por presunto abuso de autoridad y violaci\u00f3n de deberes de funcionario p\u00fablico a ra\u00edz del operativo de seguridad desplegado en la manifestaci\u00f3n contra el veto presidencial a la reforma jubilatoria en inmediaciones del Congreso Nacional el mi\u00e9rcoles \u00faltimo.<\/p>\n\n\n\n<p>La denuncia que present\u00f3 el abogado Gregorio Dalb\u00f3n ser\u00e1 investigada por la jueza federal Mar\u00eda Eugenia Capuchetti, quien subroga el juzgado federal 9 de la ciudad de Buenos Aires, donde qued\u00f3 radicada por sorteo, seg\u00f1un informaron fuentes judiciales.<\/p>\n\n\n\n<p>El abogado solicit\u00f3 ser citado para ratificar y ampliar la denuncia por la represi\u00f3n que incluy\u00f3 el rociado con gas pimienta a una nena de diez a\u00f1os que asist\u00eda a la marcha con su mam\u00e1 y que seg\u00fan im\u00e1genes difundidas por medios de comunicaci\u00f3n estaba junto con ella agachada para protegerse cuando un polic\u00eda las roci\u00f3 en forma directa.<\/p>\n\n\n\n<p>La denuncia se present\u00f3 por el art\u00edculo 248 del C\u00f3digo Penal que prev\u00e9 de un mes a dos a\u00f1os de prisi\u00f3n e inhabilitaci\u00f3n especial por el doble de tiempo para ejercer cargos p\u00fablicos para quien \u201cdictare resoluciones u \u00f3rdenes contrarias a las constituciones o leyes nacionales o provinciales o ejecutare las \u00f3rdenes o resoluciones de esta clase existentes o no ejecutare las leyes cuyo cumplimiento le incumbiere\u201d.<\/p>\n\n\n\n<p>Con posterioridad tambi\u00e9n fue denunciada en los tribunales federales de Retiro por los mismos hechos la funcionaria del Ministerio de Seguridad nacional Alejandra Monteoliva por presunta violaci\u00f3n de deberes de funcionario p\u00fablico.<\/p>\n\n\n\n<p>La denuncia fue presentada por la Comisi\u00f3n Provincial por la Memoria junto a Adolfo P\u00e9rez Esquivel, Dora Barrancos y Roberto Garc\u00eda y qued\u00f3 a cargo de la jueza federal Mar\u00eda Servini.<\/p>\n\n\n\n<p>Adem\u00e1s la ministra Bullrich, fue criticada por el legislador porte\u00f1o, Eugenio Casielles. El diputado de la CABA, que trabaja junto a Ramiro Marra, fue muy cr\u00edtico de la gesti\u00f3n de seguridad nacional y asegur\u00f3 que \u201cPatricia Bullrich le hace mucho da\u00f1o al gobierno\u201d*.<\/p>\n\n\n\n<p>Desde hace semanas que el legislador porte\u00f1o viene expresando p\u00fablicamente sus diferencias con la ministra de Javier Milei, argumentando que la ex candidata a Presidente de Juntos por el Cambio, \u201cocupa m\u00e1s su tiempo en la rosca pol\u00edtica de su partido que poni\u00e9ndose al hombro la cartera de Seguridad\u201d.<\/p>\n\n\n\n<p>Casielles record\u00f3 \u201c..situaciones como la negligencia del caso Loan, el falso atentado vegano en La Rural y el manejo de los operativos de seguridad\u201d, como temas mal resueltos por el ministerio de Seguridad a cargo de Bullrich.<\/p>\n","protected":false},"excerpt":{"rendered":"<p>La denuncia la efectiviz&oacute; el abogado Gregorio Dalb&oacute;n y se debe al operativo de seguridad durante la manifestaci&oacute;n contra el veto presidencial a la reforma jubilatoria. La ministra de Seguridad, Patricia Bullrich, fue denunciada hoy por presunto abuso de autoridad y violaci&oacute;n de deberes de funcionario p&uacute;blico a ra&iacute;z del operativo de seguridad desplegado en [&hellip;]<\/p>\n","protected":false},"author":2,"featured_media":7253,"comment_status":"open","ping_status":"open","sticky":false,"template":"","format":"standard","meta":{"footnotes":""},"categories":[979,5,176],"tags":[812,3226,3225,1739,510],"class_list":["post-7252","post","type-post","status-publish","format-standard","has-post-thumbnail","hentry","category-judiciales","category-nacionales","category-politica","tag-denuncia","tag-eugenio-casielles","tag-gregorio-dalbon","tag-maria-eugenia-capuchetti","tag-patricia-bullrich"],"_links":{"self":[{"href":"https:\/\/partediario.com.ar\/index.php?rest_route=\/wp\/v2\/posts\/7252","targetHints":{"allow":["GET"]}}],"collection":[{"href":"https:\/\/partediario.com.ar\/index.php?rest_route=\/wp\/v2\/posts"}],"about":[{"href":"https:\/\/partediario.com.ar\/index.php?rest_route=\/wp\/v2\/types\/post"}],"author":[{"embeddable":true,"href":"https:\/\/partediario.com.ar\/index.php?rest_route=\/wp\/v2\/users\/2"}],"replies":[{"embeddable":true,"href":"https:\/\/partediario.com.ar\/index.php?rest_route=%2Fwp%2Fv2%2Fcomments&post=7252"}],"version-history":[{"count":1,"href":"https:\/\/partediario.com.ar\/index.php?rest_route=\/wp\/v2\/posts\/7252\/revisions"}],"predecessor-version":[{"id":7254,"href":"https:\/\/partediario.com.ar\/index.php?rest_route=\/wp\/v2\/posts\/7252\/revisions\/7254"}],"wp:featuredmedia":[{"embeddable":true,"href":"https:\/\/partediario.com.ar\/index.php?rest_route=\/wp\/v2\/media\/7253"}],"wp:attachment":[{"href":"https:\/\/partediario.com.ar\/index.php?rest_route=%2Fwp%2Fv2%2Fmedia&parent=7252"}],"wp:term":[{"taxonomy":"category","embeddable":true,"href":"https:\/\/partediario.com.ar\/index.php?rest_route=%2Fwp%2Fv2%2Fcategories&post=7252"},{"taxonomy":"post_tag","embeddable":true,"href":"https:\/\/partediario.com.ar\/index.php?rest_route=%2Fwp%2Fv2%2Ftags&post=7252"}],"curies":[{"name":"wp","href":"https:\/\/api.w.org\/{rel}","templated":true}]}}