{"id":7258,"date":"2024-09-13T17:32:32","date_gmt":"2024-09-13T20:32:32","guid":{"rendered":"https:\/\/partediario.com.ar\/?p=7258"},"modified":"2024-09-13T17:32:33","modified_gmt":"2024-09-13T20:32:33","slug":"milei-expondra-sobre-el-presupuesto-2025-el-domingo-en-el-congreso-por-cadena-nacional","status":"publish","type":"post","link":"https:\/\/partediario.com.ar\/?p=7258","title":{"rendered":"Milei expondr\u00e1 sobre el Presupuesto 2025 el domingo en el Congreso por cadena nacional"},"content":{"rendered":"\n<h3 class=\"wp-block-heading\">El presidente Javier Milei presentar\u00e1 los lineamientos del Presupuesto 2025 ante el Congreso Nacional el pr\u00f3ximo domingo desde las 20:50, se inform\u00f3 oficialmente.<\/h3>\n\n\n\n<p>La decisi\u00f3n se confirm\u00f3 por medio de una comunicaci\u00f3n oficial enviada por el Gobierno a todos los servicios de comunicaci\u00f3n audiovisual del pa\u00eds y al que tuvo acceso <strong>PARTE DIARIO<\/strong>.<\/p>\n\n\n\n<p>\u00abTodos los servicios de comunicaci\u00f3n audiovisual del pa\u00eds y las se\u00f1ales nacionales inscriptas como de g\u00e9nero period\u00edsticas y\/o de noticias, deber\u00e1n integrar la cadena nacional con motivo de la presentaci\u00f3n del Presupuesto 2025\u00bb, establece la administraci\u00f3n de Milei.<\/p>\n\n\n\n<p>Y aclara que las \u00abestaciones cabeceras\u00bb de la transmisi\u00f3n ser\u00e1n Canal 7 y Radio Nacional. Se aguarda que el mandatario brinde detalles de la previsi\u00f3n para el a\u00f1o pr\u00f3ximo, en el que implementar\u00e1 una regla fiscal dise\u00f1ada para que el super\u00e1vit primario sea suficiente para cubrir los intereses de la deuda.<\/p>\n\n\n\n<p>En sus \u00faltimos discursos, Milei hab\u00eda revelado que trabaja en el redise\u00f1o del Presupuesto 2025 bajo la premisa de \u00abd\u00e9ficit cero\u00bb. Ser\u00e1 la primera vez que un presidente exponga en la sesi\u00f3n informativa ante el Congreso, al ser una que suele desempe\u00f1ar el ministro de Econom\u00eda.<\/p>\n","protected":false},"excerpt":{"rendered":"<p>El presidente Javier Milei presentar&aacute; los lineamientos del Presupuesto 2025 ante el Congreso Nacional el pr&oacute;ximo domingo desde las 20:50, se inform&oacute; oficialmente. La decisi&oacute;n se confirm&oacute; por medio de una comunicaci&oacute;n oficial enviada por el Gobierno a todos los servicios de comunicaci&oacute;n audiovisual del pa&iacute;s y al que tuvo acceso PARTE DIARIO. &laquo;Todos los [&hellip;]<\/p>\n","protected":false},"author":2,"featured_media":7259,"comment_status":"open","ping_status":"open","sticky":false,"template":"","format":"standard","meta":{"footnotes":""},"categories":[5,176],"tags":[229,232,3227],"class_list":["post-7258","post","type-post","status-publish","format-standard","has-post-thumbnail","hentry","category-nacionales","category-politica","tag-congreso","tag-javier-milei","tag-presupuesto-2025"],"_links":{"self":[{"href":"https:\/\/partediario.com.ar\/index.php?rest_route=\/wp\/v2\/posts\/7258","targetHints":{"allow":["GET"]}}],"collection":[{"href":"https:\/\/partediario.com.ar\/index.php?rest_route=\/wp\/v2\/posts"}],"about":[{"href":"https:\/\/partediario.com.ar\/index.php?rest_route=\/wp\/v2\/types\/post"}],"author":[{"embeddable":true,"href":"https:\/\/partediario.com.ar\/index.php?rest_route=\/wp\/v2\/users\/2"}],"replies":[{"embeddable":true,"href":"https:\/\/partediario.com.ar\/index.php?rest_route=%2Fwp%2Fv2%2Fcomments&post=7258"}],"version-history":[{"count":1,"href":"https:\/\/partediario.com.ar\/index.php?rest_route=\/wp\/v2\/posts\/7258\/revisions"}],"predecessor-version":[{"id":7260,"href":"https:\/\/partediario.com.ar\/index.php?rest_route=\/wp\/v2\/posts\/7258\/revisions\/7260"}],"wp:featuredmedia":[{"embeddable":true,"href":"https:\/\/partediario.com.ar\/index.php?rest_route=\/wp\/v2\/media\/7259"}],"wp:attachment":[{"href":"https:\/\/partediario.com.ar\/index.php?rest_route=%2Fwp%2Fv2%2Fmedia&parent=7258"}],"wp:term":[{"taxonomy":"category","embeddable":true,"href":"https:\/\/partediario.com.ar\/index.php?rest_route=%2Fwp%2Fv2%2Fcategories&post=7258"},{"taxonomy":"post_tag","embeddable":true,"href":"https:\/\/partediario.com.ar\/index.php?rest_route=%2Fwp%2Fv2%2Ftags&post=7258"}],"curies":[{"name":"wp","href":"https:\/\/api.w.org\/{rel}","templated":true}]}}