{"id":7268,"date":"2024-09-14T17:45:31","date_gmt":"2024-09-14T20:45:31","guid":{"rendered":"https:\/\/partediario.com.ar\/?p=7268"},"modified":"2024-09-14T17:45:32","modified_gmt":"2024-09-14T20:45:32","slug":"nadie-voto-a-las-bullrich-los-caputo-y-a-sturzenegger-para-hacer-desastres-expreso-kicillof","status":"publish","type":"post","link":"https:\/\/partediario.com.ar\/?p=7268","title":{"rendered":"\u00abNadie vot\u00f3 a las Bullrich, los Caputo y a Sturzenegger para hacer desastres\u00bb, expres\u00f3 Kicillof"},"content":{"rendered":"\n<h3 class=\"wp-block-heading\">El gobernador de la provincia de Buenos Aires, Axel Kicillof, critic\u00f3 nuevamente al gobierno del presidente Javier Milei y apunt\u00f3 contra la legitimidad de funcionarios clave del Gabinete nacional.<\/h3>\n\n\n\n<p>\u00abMilei dec\u00eda que ven\u00eda con gente nueva, porque nada distinto se pod\u00eda conseguir con los mismos de siempre. Su gabinete est\u00e1 compuesto por los que salieron terceros en la elecci\u00f3n: Bullrich, Caputo y Sturzenegger\u00bb, afirm\u00f3 Kicillof en el Plenario \u00abLa Provincia se organiza. La patria no se vende\u00bb en Mar Chiquita.<\/p>\n\n\n\n<p>En esa l\u00ednea, el gobernador bonaerense asever\u00f3: \u00abNo solamente nadie los vot\u00f3 para volver a hacer los desastres que ya hicieron, sino que se vot\u00f3 espec\u00edficamente en contra. La pol\u00edtica que lleva adelante Milei es la misma de siempre y con los mismos efectos de siempre\u00bb.<\/p>\n\n\n\n<p>El gobernador provincial se\u00f1al\u00f3 adem\u00e1s que el gobierno libertario es leg\u00edtimo porque \u00abgan\u00f3 el balotaje\u00bb, pero sostuvo que eso es \u00abtan cierto como que se est\u00e1 sintiendo en la gente que estamos enfrente de la m\u00e1s inmensa estafa electoral que hubo en el pa\u00eds\u00bb.<\/p>\n\n\n\n<p>\u00ab\u00c9l dec\u00eda en campa\u00f1a que el ajuste estaba dise\u00f1ado s\u00f3lo para la casta. Le advierto Milei: esos votos que consigui\u00f3, cada uno que lo votaba, no lo hac\u00eda para que lo ajustaran a \u00e9l, a su vecino, al trabajador de al lado o a los jubilados. Ahora resulta claro que, lo que llama casta, es el pueblo\u00bb, expres\u00f3 el gobernador.<\/p>\n\n\n\n<p>Asimismo Kicillof asegur\u00f3 que la pol\u00edtica que lleva adelante Milei \u00abes la misma de siempre y con los mismos efectos\u00bb. \u00abVinieron con el plan de Cavallo y Martinez de Hoz\u00bb.<\/p>\n\n\n\n<p>Tambi\u00e9n cuestion\u00f3 el \u00abataque\u00bb que el Gobierno nacional realiza contra la provincia de Buenos Aires. \u00abAs\u00ed como ataca a todas las provincias, lo hace con m\u00e1s ferocidad con la provincia de Buenos Aires. Lo hace como revancha porque el pueblo de la provincia no lo acompa\u00f1\u00f3 en las elecciones\u00bb, se\u00f1al\u00f3 Kicillof.<\/p>\n\n\n\n<p>Participaron del acto junto al gobernador la vicegobernadora de la provincia de Buenos Aires, Ver\u00f3nica Magario; los ministros de Desarrollo de la Comunidad bonaerense, Andr\u00e9s Larroque, y de Infraestructura y Servicios p\u00fablicos, Gabriel Katopodis.<\/p>\n\n\n\n<p>Estuvieron presentes tambi\u00e9n los jefes comunales del conurbano como Jorge Ferraresi (Avellaneda) o Mario Secco (Ensenada).<\/p>\n","protected":false},"excerpt":{"rendered":"<p>El gobernador de la provincia de Buenos Aires, Axel Kicillof, critic&oacute; nuevamente al gobierno del presidente Javier Milei y apunt&oacute; contra la legitimidad de funcionarios clave del Gabinete nacional. &laquo;Milei dec&iacute;a que ven&iacute;a con gente nueva, porque nada distinto se pod&iacute;a conseguir con los mismos de siempre. Su gabinete est&aacute; compuesto por los que salieron [&hellip;]<\/p>\n","protected":false},"author":2,"featured_media":7269,"comment_status":"open","ping_status":"open","sticky":false,"template":"","format":"standard","meta":{"footnotes":""},"categories":[5,176],"tags":[1112,232,3228,3229],"class_list":["post-7268","post","type-post","status-publish","format-standard","has-post-thumbnail","hentry","category-nacionales","category-politica","tag-axel-kicillof","tag-javier-milei","tag-la-patria-no-se-vende","tag-plenario"],"_links":{"self":[{"href":"https:\/\/partediario.com.ar\/index.php?rest_route=\/wp\/v2\/posts\/7268","targetHints":{"allow":["GET"]}}],"collection":[{"href":"https:\/\/partediario.com.ar\/index.php?rest_route=\/wp\/v2\/posts"}],"about":[{"href":"https:\/\/partediario.com.ar\/index.php?rest_route=\/wp\/v2\/types\/post"}],"author":[{"embeddable":true,"href":"https:\/\/partediario.com.ar\/index.php?rest_route=\/wp\/v2\/users\/2"}],"replies":[{"embeddable":true,"href":"https:\/\/partediario.com.ar\/index.php?rest_route=%2Fwp%2Fv2%2Fcomments&post=7268"}],"version-history":[{"count":1,"href":"https:\/\/partediario.com.ar\/index.php?rest_route=\/wp\/v2\/posts\/7268\/revisions"}],"predecessor-version":[{"id":7270,"href":"https:\/\/partediario.com.ar\/index.php?rest_route=\/wp\/v2\/posts\/7268\/revisions\/7270"}],"wp:featuredmedia":[{"embeddable":true,"href":"https:\/\/partediario.com.ar\/index.php?rest_route=\/wp\/v2\/media\/7269"}],"wp:attachment":[{"href":"https:\/\/partediario.com.ar\/index.php?rest_route=%2Fwp%2Fv2%2Fmedia&parent=7268"}],"wp:term":[{"taxonomy":"category","embeddable":true,"href":"https:\/\/partediario.com.ar\/index.php?rest_route=%2Fwp%2Fv2%2Fcategories&post=7268"},{"taxonomy":"post_tag","embeddable":true,"href":"https:\/\/partediario.com.ar\/index.php?rest_route=%2Fwp%2Fv2%2Ftags&post=7268"}],"curies":[{"name":"wp","href":"https:\/\/api.w.org\/{rel}","templated":true}]}}