{"id":7274,"date":"2024-09-14T18:04:13","date_gmt":"2024-09-14T21:04:13","guid":{"rendered":"https:\/\/partediario.com.ar\/?p=7274"},"modified":"2024-09-14T18:04:18","modified_gmt":"2024-09-14T21:04:18","slug":"fingio-un-secuestro-y-encerro-a-su-novia-durante-horas-para-poder-robarle-dinero-a-su-suegro","status":"publish","type":"post","link":"https:\/\/partediario.com.ar\/?p=7274","title":{"rendered":"Fingi\u00f3 un secuestro y encerr\u00f3 a su novia durante horas para poder robarle dinero a su suegro"},"content":{"rendered":"\n<h3 class=\"wp-block-heading\">El hecho sucedi\u00f3 en el partido bonaerense de Lan\u00fas el pasado 23 de julio, pero se dio a conocer recientemente, luego que los investigadores descubrieran al culpable del plan.<\/h3>\n\n\n\n<p>El secuestro fue llevado a cabo por \u00e9l y un grupo de amigos, quienes ahora est\u00e1n arrestados a disposici\u00f3n de la Justicia. El padre de la v\u00edctima hab\u00eda pagado 40 mil d\u00f3lares y 5 millones de pesos de rescate que fueron dirigidos a la banda delictiva.<\/p>\n\n\n\n<p>De acuerdo a fuentes policiales, el d\u00eda del rapto la adolescente y su novio hab\u00edan planificado pasear en un centro comercial, \u00e9l le dijo que hab\u00eda pedido un auto desde su celular en una aplicaci\u00f3n de viajes. Cuando lleg\u00f3 ambos se subieron y emprendieron viaje, aunque a mitad de camino sali\u00f3 un hombre del ba\u00fal y junto al conductor tomaron de rehenes a la pareja.<\/p>\n\n\n\n<p>Los llevaron a Guernica donde permanecieron secuestrados durante 6 horas, el tiempo que tardaron en negociar con la familia de la chica, luego de que su padre pagara, horas despu\u00e9s, los novios fueron liberados.<\/p>\n\n\n\n<p>Durante la investigaci\u00f3n los especialistas tomaron en cuenta algunos detalles que declar\u00f3 la adolescente y hab\u00eda episodios que no cerraban.<\/p>\n\n\n\n<p>Por un lado, cont\u00f3 que cuando estaban en cautiverio, el novio le intentaba sacar informaci\u00f3n sobre d\u00f3nde estaba la plata de su pap\u00e1, sabiendo que el hombre iba a utilizar una elevada suma para una operaci\u00f3n inmobiliaria.<\/p>\n\n\n\n<p>A partir de la informaci\u00f3n aportada por la v\u00edctima llam\u00f3 la atenci\u00f3n de los investigadores que empezaron a trabajar una l\u00ednea investigativa sobre una posible relaci\u00f3n entre el joven y los secuestradores.<\/p>\n\n\n\n<p>Adem\u00e1s se confirm\u00f3 que el joven nunca hab\u00eda pedido un auto a trav\u00e9s de la aplicaci\u00f3n de viajes sino que era parte del plan y que el conductor era parte de la banda.<\/p>\n\n\n\n<p>Finalizando, los fiscales Sergio Mola y Santiago M\u00e1rquez quedaron a cargo del caso y ordenaron el arresto de \u00e9l y de cuatro de sus amigos, ya que a\u00fan hay dos que est\u00e1n pr\u00f3fugos de la Justicia.<\/p>\n","protected":false},"excerpt":{"rendered":"<p>El hecho sucedi&oacute; en el partido bonaerense de Lan&uacute;s el pasado 23 de julio, pero se dio a conocer recientemente, luego que los investigadores descubrieran al culpable del plan. El secuestro fue llevado a cabo por &eacute;l y un grupo de amigos, quienes ahora est&aacute;n arrestados a disposici&oacute;n de la Justicia. El padre de la [&hellip;]<\/p>\n","protected":false},"author":2,"featured_media":7275,"comment_status":"open","ping_status":"open","sticky":false,"template":"","format":"standard","meta":{"footnotes":""},"categories":[5,7],"tags":[436,3231,3232,1491],"class_list":["post-7274","post","type-post","status-publish","format-standard","has-post-thumbnail","hentry","category-nacionales","category-policiales","tag-detenido","tag-fingio","tag-novia","tag-secuestro"],"_links":{"self":[{"href":"https:\/\/partediario.com.ar\/index.php?rest_route=\/wp\/v2\/posts\/7274","targetHints":{"allow":["GET"]}}],"collection":[{"href":"https:\/\/partediario.com.ar\/index.php?rest_route=\/wp\/v2\/posts"}],"about":[{"href":"https:\/\/partediario.com.ar\/index.php?rest_route=\/wp\/v2\/types\/post"}],"author":[{"embeddable":true,"href":"https:\/\/partediario.com.ar\/index.php?rest_route=\/wp\/v2\/users\/2"}],"replies":[{"embeddable":true,"href":"https:\/\/partediario.com.ar\/index.php?rest_route=%2Fwp%2Fv2%2Fcomments&post=7274"}],"version-history":[{"count":1,"href":"https:\/\/partediario.com.ar\/index.php?rest_route=\/wp\/v2\/posts\/7274\/revisions"}],"predecessor-version":[{"id":7276,"href":"https:\/\/partediario.com.ar\/index.php?rest_route=\/wp\/v2\/posts\/7274\/revisions\/7276"}],"wp:featuredmedia":[{"embeddable":true,"href":"https:\/\/partediario.com.ar\/index.php?rest_route=\/wp\/v2\/media\/7275"}],"wp:attachment":[{"href":"https:\/\/partediario.com.ar\/index.php?rest_route=%2Fwp%2Fv2%2Fmedia&parent=7274"}],"wp:term":[{"taxonomy":"category","embeddable":true,"href":"https:\/\/partediario.com.ar\/index.php?rest_route=%2Fwp%2Fv2%2Fcategories&post=7274"},{"taxonomy":"post_tag","embeddable":true,"href":"https:\/\/partediario.com.ar\/index.php?rest_route=%2Fwp%2Fv2%2Ftags&post=7274"}],"curies":[{"name":"wp","href":"https:\/\/api.w.org\/{rel}","templated":true}]}}