{"id":7284,"date":"2024-09-15T10:03:48","date_gmt":"2024-09-15T13:03:48","guid":{"rendered":"https:\/\/partediario.com.ar\/?p=7284"},"modified":"2024-09-15T10:03:49","modified_gmt":"2024-09-15T13:03:49","slug":"atropello-a-mas-de-30-personas-en-cordoba-quedo-libre-y-lo-detuvieron-nuevamente","status":"publish","type":"post","link":"https:\/\/partediario.com.ar\/?p=7284","title":{"rendered":"Atropell\u00f3 a m\u00e1s de 30 personas en C\u00f3rdoba, qued\u00f3 libre y lo detuvieron nuevamente"},"content":{"rendered":"\n<p><strong>Cristian Joaqu\u00edn Pacha tiene 68 a\u00f1os y fue imputado por lesiones culposas agravadas. Hab\u00eda pagado una fianza millonaria, sin embargo fue detenido nuevamente.<\/strong><\/p>\n\n\n\n<p>El conductor que protagoniz\u00f3 un grav\u00edsimo accidente vial en el barrio Centro de la Ciudad de C\u00f3rdoba el jueves pasado, embistiendo alrededor de 35 personas, fue arrestado nuevamente en las \u00faltimas horas del s\u00e1bado. El hombre, identificado como Cristian Joaqu\u00edn Pacha (68), hab\u00eda pasado un d\u00eda internado en el Hospital Privado de la provincia recuperando, tras lograr su libertad al una fianza de 20 millones de pesos.<\/p>\n\n\n\n<p>Sin embargo, en las \u00faltimas horas se conoci\u00f3 que revocaron su libertad, por indicaci\u00f3n del fiscal de instrucci\u00f3n de la causa, Ernesto de Arag\u00f3n. \u201cSe orden\u00f3 revocar la libertad y ordenar la detenci\u00f3n del imputado por el choque m\u00faltiple. Esto se debe a nuevos elementos que se incorporaron a la causa. De este modo, la Fiscal\u00eda decidi\u00f3 el cambio de calificaci\u00f3n y ampliaci\u00f3n de los delitos que se atribu\u00edan, imputando lesiones grav\u00edsimas, lesiones graves y falsedad Ideol\u00f3gica en concurso material\u201d, seg\u00fan se desprende del texto oficial.<\/p>\n\n\n\n<p>Previamente, el juez implicado le hab\u00eda prohibido salir del pa\u00eds en tanto avanzara la investigaci\u00f3n. Ahora, los nuevos elementos hallados en el caso, como la sugerencia de adulteraci\u00f3n de documentos, perjudicaron la situaci\u00f3n del contador y profesor retirado.<\/p>\n\n\n\n<p><\/p>\n\n\n\n<figure class=\"wp-block-image size-full\"><img loading=\"lazy\" decoding=\"async\" width=\"696\" height=\"449\" src=\"https:\/\/partediario.com.ar\/wp-content\/uploads\/cordoba-accidente.webp\" alt=\"\" class=\"wp-image-7285\" srcset=\"https:\/\/partediario.com.ar\/wp-content\/uploads\/cordoba-accidente.webp 696w, https:\/\/partediario.com.ar\/wp-content\/uploads\/cordoba-accidente-300x194.webp 300w\" sizes=\"auto, (max-width: 696px) 100vw, 696px\" \/><\/figure>\n\n\n\n<p><\/p>\n\n\n\n<p>El fiscal de Arag\u00f3n ya hab\u00eda se\u00f1alado que el conductor de 68 a\u00f1os sufre desmayos habituales, incluso al volante, y que ya hab\u00eda participado de otros accidentes automovil\u00edsticos. Los m\u00e9dicos, seg\u00fan lo declarado en la investigaci\u00f3n, le hab\u00edan ordenado dejar de conducir veh\u00edculos para evitar un siniestro como el sucedido el jueves pasado. Sin embargo, Pacha no escuch\u00f3 la advertencia y condujo su Toyota Corolla a 110 kil\u00f3metros por hora, provocando una tragedia en la intersecci\u00f3n de los bulevares Chacabuco e Illia.<\/p>\n\n\n\n<p>Pacha obtuvo la renovaci\u00f3n de su licencia de conducir en febrero de este a\u00f1o, vigente hasta el 2029, en el Centro de Participaci\u00f3n Comunal (CPC) de barrio Jard\u00edn. Por esta situaci\u00f3n, el fiscal orden\u00f3 el allanamiento del establecimiento implicado.<\/p>\n","protected":false},"excerpt":{"rendered":"<p>Cristian Joaqu&iacute;n Pacha tiene 68 a&ntilde;os y fue imputado por lesiones culposas agravadas. Hab&iacute;a pagado una fianza millonaria, sin embargo fue detenido nuevamente. El conductor que protagoniz&oacute; un grav&iacute;simo accidente vial en el barrio Centro de la Ciudad de C&oacute;rdoba el jueves pasado, embistiendo alrededor de 35 personas, fue arrestado nuevamente en las &uacute;ltimas horas [&hellip;]<\/p>\n","protected":false},"author":2,"featured_media":7286,"comment_status":"open","ping_status":"open","sticky":false,"template":"","format":"standard","meta":{"footnotes":""},"categories":[979,5,7],"tags":[443,3239,2571,259],"class_list":["post-7284","post","type-post","status-publish","format-standard","has-post-thumbnail","hentry","category-judiciales","category-nacionales","category-policiales","tag-accidente","tag-cordoba-2","tag-detuvieron","tag-vial"],"_links":{"self":[{"href":"https:\/\/partediario.com.ar\/index.php?rest_route=\/wp\/v2\/posts\/7284","targetHints":{"allow":["GET"]}}],"collection":[{"href":"https:\/\/partediario.com.ar\/index.php?rest_route=\/wp\/v2\/posts"}],"about":[{"href":"https:\/\/partediario.com.ar\/index.php?rest_route=\/wp\/v2\/types\/post"}],"author":[{"embeddable":true,"href":"https:\/\/partediario.com.ar\/index.php?rest_route=\/wp\/v2\/users\/2"}],"replies":[{"embeddable":true,"href":"https:\/\/partediario.com.ar\/index.php?rest_route=%2Fwp%2Fv2%2Fcomments&post=7284"}],"version-history":[{"count":1,"href":"https:\/\/partediario.com.ar\/index.php?rest_route=\/wp\/v2\/posts\/7284\/revisions"}],"predecessor-version":[{"id":7287,"href":"https:\/\/partediario.com.ar\/index.php?rest_route=\/wp\/v2\/posts\/7284\/revisions\/7287"}],"wp:featuredmedia":[{"embeddable":true,"href":"https:\/\/partediario.com.ar\/index.php?rest_route=\/wp\/v2\/media\/7286"}],"wp:attachment":[{"href":"https:\/\/partediario.com.ar\/index.php?rest_route=%2Fwp%2Fv2%2Fmedia&parent=7284"}],"wp:term":[{"taxonomy":"category","embeddable":true,"href":"https:\/\/partediario.com.ar\/index.php?rest_route=%2Fwp%2Fv2%2Fcategories&post=7284"},{"taxonomy":"post_tag","embeddable":true,"href":"https:\/\/partediario.com.ar\/index.php?rest_route=%2Fwp%2Fv2%2Ftags&post=7284"}],"curies":[{"name":"wp","href":"https:\/\/api.w.org\/{rel}","templated":true}]}}