{"id":7288,"date":"2024-09-15T10:11:51","date_gmt":"2024-09-15T13:11:51","guid":{"rendered":"https:\/\/partediario.com.ar\/?p=7288"},"modified":"2024-09-15T10:11:52","modified_gmt":"2024-09-15T13:11:52","slug":"que-tramite-reemplaza-a-la-tarjeta-azul-y-permite-que-otra-persona-conduzca-el-auto-de-otro-titular","status":"publish","type":"post","link":"https:\/\/partediario.com.ar\/?p=7288","title":{"rendered":"Que tr\u00e1mite reemplaza a la tarjeta azul y permite que otra persona conduzca el auto de otro titular"},"content":{"rendered":"\n<h3 class=\"wp-block-heading\">La administraci\u00f3n nacional del presidente Javier Milei elimin\u00f3 la c\u00e9dula azul y cre\u00f3 un nuevo documento habilitante.<\/h3>\n\n\n\n<p>Las fuerzas de seguridad y control de tr\u00e1nsito ya no pueden pedir ni demorar a una persona por manejar un auto ajeno, esto se debe a que desde mayo qued\u00f3 desafectada la obligatoriedad de presentar la tarjeta azul como documento identificatorio cuando se public\u00f3 la Disposici\u00f3n 29\/2024.<\/p>\n\n\n\n<p>No obstante, hay una nueva manera que reemplaza y s\u00ed valida su posici\u00f3n al volante. \u201cEl titular registral podr\u00e1 solicitar que su propia c\u00e9dula sea visualizada en el perfil digital de uno o m\u00e1s terceros determinados\u201d, seg\u00fan se indica en el art\u00edculo 5 de la disposici\u00f3n.<\/p>\n\n\n\n<p>Otro dato de importancia es que la c\u00e9dula verde ya no tiene fecha de vencimiento; adem\u00e1s, se podr\u00e1 presentar en ambos formatos, f\u00edsico como digital, en este caso, exhibiendo la misma a trav\u00e9s de la aplicaci\u00f3n Mi Argentina.<\/p>\n\n\n\n<p>Cual es la documentaci\u00f3n que sigue siendo obligatoria para transitar por el pa\u00eds<\/p>\n\n\n\n<p><strong>Estos son los documentos obligatorios para desplazarse en regla por el territorio nacional<\/strong><\/p>\n\n\n\n<ul class=\"wp-block-list\">\n<li>Documento Nacional de Identidad (DNI).<\/li>\n\n\n\n<li>Licencia Nacional de Conducir.<\/li>\n\n\n\n<li>C\u00e9dula verde (o C\u00e9dula azul vigente y autorizada por el titular en caso de no contar con la C\u00e9dula verde).<\/li>\n\n\n\n<li>Comprobante de seguro vigente.<\/li>\n\n\n\n<li>Constancia de Revisi\u00f3n T\u00e9cnica Obligatoria (RTO) o Verificaci\u00f3n T\u00e9cnica Vehicular (VTV).<\/li>\n\n\n\n<li>Chapas patente colocadas visibles, sin alteraciones y en buen estado.<\/li>\n\n\n\n<li>Matafuegos con fecha vigente y balizas triangulares.<\/li>\n\n\n\n<li>Matafuegos con fecha vigente y balizas triangulares siguen siendo elementos obligatorios para transitar como la oblea de la VTV, entre otras documentaciones.<\/li>\n<\/ul>\n\n\n\n<p><strong>Como autorizar o habilitar el volante a terceros<\/strong><\/p>\n\n\n\n<p>Si bien no es obligaci\u00f3n presentar ante la autoridad la c\u00e9dula azul, el titular de la licencia s\u00ed debe autorizar al tercero a conducir.<\/p>\n\n\n\n<ul class=\"wp-block-list\">\n<li>Ingresar al Sistema Integral de Tr\u00e1mites Electr\u00f3nicos.<\/li>\n\n\n\n<li>Validarse en el portal de la Administraci\u00f3n Federal de Ingresos P\u00fablicos (AFIP) con clave fiscal.<\/li>\n\n\n\n<li>Seleccionar el dominio sobre el cual se es titular.<\/li>\n\n\n\n<li>Identificar al tercero mediante su nombre y apellido y CUIT, CUIL o CDI.<\/li>\n\n\n\n<li>Culminado los pasos, la persona autorizada ver\u00e1 reflejada la c\u00e9dula verde del veh\u00edculo para el que fue habilitado por el due\u00f1o a conducir en \u201cMis veh\u00edculos\u201d, la pesta\u00f1a de la aplicaci\u00f3n.<\/li>\n<\/ul>\n\n\n\n<p>En caso de querer desafectar a una persona al manejo del veh\u00edculo, el procedimiento es el mismo.<\/p>\n","protected":false},"excerpt":{"rendered":"<p>La administraci&oacute;n nacional del presidente Javier Milei elimin&oacute; la c&eacute;dula azul y cre&oacute; un nuevo documento habilitante. Las fuerzas de seguridad y control de tr&aacute;nsito ya no pueden pedir ni demorar a una persona por manejar un auto ajeno, esto se debe a que desde mayo qued&oacute; desafectada la obligatoriedad de presentar la tarjeta azul [&hellip;]<\/p>\n","protected":false},"author":2,"featured_media":7289,"comment_status":"open","ping_status":"open","sticky":false,"template":"","format":"standard","meta":{"footnotes":""},"categories":[5,726],"tags":[232,3241,3242],"class_list":["post-7288","post","type-post","status-publish","format-standard","has-post-thumbnail","hentry","category-nacionales","category-sociedad","tag-javier-milei","tag-tarjeta-azul","tag-tramites"],"_links":{"self":[{"href":"https:\/\/partediario.com.ar\/index.php?rest_route=\/wp\/v2\/posts\/7288","targetHints":{"allow":["GET"]}}],"collection":[{"href":"https:\/\/partediario.com.ar\/index.php?rest_route=\/wp\/v2\/posts"}],"about":[{"href":"https:\/\/partediario.com.ar\/index.php?rest_route=\/wp\/v2\/types\/post"}],"author":[{"embeddable":true,"href":"https:\/\/partediario.com.ar\/index.php?rest_route=\/wp\/v2\/users\/2"}],"replies":[{"embeddable":true,"href":"https:\/\/partediario.com.ar\/index.php?rest_route=%2Fwp%2Fv2%2Fcomments&post=7288"}],"version-history":[{"count":1,"href":"https:\/\/partediario.com.ar\/index.php?rest_route=\/wp\/v2\/posts\/7288\/revisions"}],"predecessor-version":[{"id":7290,"href":"https:\/\/partediario.com.ar\/index.php?rest_route=\/wp\/v2\/posts\/7288\/revisions\/7290"}],"wp:featuredmedia":[{"embeddable":true,"href":"https:\/\/partediario.com.ar\/index.php?rest_route=\/wp\/v2\/media\/7289"}],"wp:attachment":[{"href":"https:\/\/partediario.com.ar\/index.php?rest_route=%2Fwp%2Fv2%2Fmedia&parent=7288"}],"wp:term":[{"taxonomy":"category","embeddable":true,"href":"https:\/\/partediario.com.ar\/index.php?rest_route=%2Fwp%2Fv2%2Fcategories&post=7288"},{"taxonomy":"post_tag","embeddable":true,"href":"https:\/\/partediario.com.ar\/index.php?rest_route=%2Fwp%2Fv2%2Ftags&post=7288"}],"curies":[{"name":"wp","href":"https:\/\/api.w.org\/{rel}","templated":true}]}}