{"id":7291,"date":"2024-09-15T10:20:51","date_gmt":"2024-09-15T13:20:51","guid":{"rendered":"https:\/\/partediario.com.ar\/?p=7291"},"modified":"2024-09-15T10:20:52","modified_gmt":"2024-09-15T13:20:52","slug":"sturzenegger-califico-de-infantiles-a-los-legisladores-y-mando-a-estudiar-a-cristina","status":"publish","type":"post","link":"https:\/\/partediario.com.ar\/?p=7291","title":{"rendered":"Sturzenegger calific\u00f3 de \u00abinfantiles\u00bb a los legisladores y mand\u00f3 a \u00abestudiar\u00bb a Cristina"},"content":{"rendered":"\n<h3 class=\"wp-block-heading\">El Gobierno atac\u00f3 nuevamente a los legisladores que impulsaron las leyes de movilidad jubilatoria y financiamiento universitario. El ministro de Desregulaci\u00f3n y Transformaci\u00f3n del Estado, Federico Sturzenegger, dijo que fue \u201cinfantil\u201d la aprobaci\u00f3n de las iniciativas por parte del Congreso, calific\u00f3 de \u201cirresponsables\u201d a los parlamentarios que las impulsaron y defendi\u00f3 el veto del presidente Javier Milei.<\/h3>\n\n\n\n<p>La profundizaci\u00f3n del ajuste fiscal y el vaciamiento del Estado es la principal meta libertaria y la tarea de Sturzenegger es incorporarla y ejecutarla. \u201cEl Presidente da un mensaje sobre la batalla cultural en la que est\u00e1 el Gobierno. No es una evaluaci\u00f3n sobre el gasto en jubilados o en universidades. Es sobre el hecho de que el Congreso no puede emitir una ley que obliga a hacer gastos sin proveer al mismo tiempo los recursos para ese gasto\u201d, afirm\u00f3 el ministro, sobre la ley de movilidad jubilatoria que fue vetada y la ley de financiamiento universitario que correr\u00e1 la misma suerte.<\/p>\n\n\n\n<p>Asimismo, Sturzenegger cruz\u00f3 a los legisladores y calific\u00f3 de \u201cinfantil\u201d las aprobaciones. \u201cEs como cuando un ni\u00f1o le pide a uno de sus padres \u2018comprame esto\u2019 y no est\u00e1 considerando o evaluando cu\u00e1nto sale. Entonces el Gobierno responde con adultez. Si vamos a comprometernos a gastar algo, vamos a tener que definir de d\u00f3nde vienen los recursos. Toda ley que no cumpla con ese precepto va a tener que ser vetada\u201d, indic\u00f3.<\/p>\n\n\n\n<p>\u201cEl Presupuesto es un \u00e1mbito muy sano para discutir esto\u201d, acot\u00f3 el ministro de Desregulaci\u00f3n sobre la presentaci\u00f3n que har\u00e1 el jefe de Estado. \u201cEl Presidente lo que va a exigir es que sea balanceado, pero me parece que el Congreso va a tener bastante margen para poder trabajar\u201d.<\/p>\n\n\n\n<p>Sturzenegger aprovech\u00f3 para contestarle al vicerrector de la Universidad de Buenos Aires (UBA), Emiliano Yacobitti, quien d\u00edas atr\u00e1s hab\u00eda se\u00f1alado que el costo de la ley de financiamiento universitario era similar a la baja del Impuesto a los Bienes Personales. \u201c\u00bfPor qu\u00e9 no lo propusieron en la ley?\u201d, expres\u00f3 el ministro. \u201cQue presenten un proyecto de ley donde aumentan el gasto de universidades y aumentan el Impuesto a los Bienes Personales. \u00bfPor qu\u00e9 no lo presentaron as\u00ed? \u00bfPor qu\u00e9 presentaron solamente el aumento de las universidades? Ellos tienen que presentarlo y hacerse cargo, decir ante la sociedad \u2018esta es nuestra prioridad, vamos a gastar en esto y aumentar este impuesto\u2019\u201d, manifest\u00f3 el funcionario libertario.<\/p>\n\n\n\n<p>El ministro adem\u00e1s habl\u00f3 sobre la exposici\u00f3n de la expresidenta Cristina Fern\u00e1ndez de Kirchner en la Universidad Nacional del Oeste. \u201cPresidente, largue a Friedman, largue la escuela austr\u00edaca, case el manual argentino y, por favor, si\u00e9ntese a administrar el pa\u00eds\u201d, inst\u00f3 la exmandataria. El ministro Sturzenegger, fiel a su estilo provocador, le contest\u00f3. \u201cSe\u00f1ora, lea bien a Milton Friedman, estudie un poquito de teor\u00eda monetaria y va a ver que lo primero que se dice es que la pol\u00edtica monetaria tiene estos rezagos\u201d, apunt\u00f3.<\/p>\n","protected":false},"excerpt":{"rendered":"<p>El Gobierno atac&oacute; nuevamente a los legisladores que impulsaron las leyes de movilidad jubilatoria y financiamiento universitario. El ministro de Desregulaci&oacute;n y Transformaci&oacute;n del Estado, Federico Sturzenegger, dijo que fue &ldquo;infantil&rdquo; la aprobaci&oacute;n de las iniciativas por parte del Congreso, calific&oacute; de &ldquo;irresponsables&rdquo; a los parlamentarios que las impulsaron y defendi&oacute; el veto del presidente [&hellip;]<\/p>\n","protected":false},"author":2,"featured_media":7292,"comment_status":"open","ping_status":"open","sticky":false,"template":"","format":"standard","meta":{"footnotes":""},"categories":[5,176],"tags":[518,3243,1484,232],"class_list":["post-7291","post","type-post","status-publish","format-standard","has-post-thumbnail","hentry","category-nacionales","category-politica","tag-cristina-kirchner","tag-emiliano-yacobitti","tag-federico-sturzenegger","tag-javier-milei"],"_links":{"self":[{"href":"https:\/\/partediario.com.ar\/index.php?rest_route=\/wp\/v2\/posts\/7291","targetHints":{"allow":["GET"]}}],"collection":[{"href":"https:\/\/partediario.com.ar\/index.php?rest_route=\/wp\/v2\/posts"}],"about":[{"href":"https:\/\/partediario.com.ar\/index.php?rest_route=\/wp\/v2\/types\/post"}],"author":[{"embeddable":true,"href":"https:\/\/partediario.com.ar\/index.php?rest_route=\/wp\/v2\/users\/2"}],"replies":[{"embeddable":true,"href":"https:\/\/partediario.com.ar\/index.php?rest_route=%2Fwp%2Fv2%2Fcomments&post=7291"}],"version-history":[{"count":1,"href":"https:\/\/partediario.com.ar\/index.php?rest_route=\/wp\/v2\/posts\/7291\/revisions"}],"predecessor-version":[{"id":7293,"href":"https:\/\/partediario.com.ar\/index.php?rest_route=\/wp\/v2\/posts\/7291\/revisions\/7293"}],"wp:featuredmedia":[{"embeddable":true,"href":"https:\/\/partediario.com.ar\/index.php?rest_route=\/wp\/v2\/media\/7292"}],"wp:attachment":[{"href":"https:\/\/partediario.com.ar\/index.php?rest_route=%2Fwp%2Fv2%2Fmedia&parent=7291"}],"wp:term":[{"taxonomy":"category","embeddable":true,"href":"https:\/\/partediario.com.ar\/index.php?rest_route=%2Fwp%2Fv2%2Fcategories&post=7291"},{"taxonomy":"post_tag","embeddable":true,"href":"https:\/\/partediario.com.ar\/index.php?rest_route=%2Fwp%2Fv2%2Ftags&post=7291"}],"curies":[{"name":"wp","href":"https:\/\/api.w.org\/{rel}","templated":true}]}}