{"id":7306,"date":"2024-09-15T21:03:09","date_gmt":"2024-09-16T00:03:09","guid":{"rendered":"https:\/\/partediario.com.ar\/?p=7306"},"modified":"2024-09-15T21:03:10","modified_gmt":"2024-09-16T00:03:10","slug":"el-papa-francisco-recibe-a-la-cgt-y-a-sandra-pettovello-durante-la-misma-semana","status":"publish","type":"post","link":"https:\/\/partediario.com.ar\/?p=7306","title":{"rendered":"El Papa Francisco recibe a la CGT y a Sandra Pettovello durante la misma semana"},"content":{"rendered":"\n<h3 class=\"wp-block-heading\">El Sumo Pont\u00edfice, mantendr\u00e1 una reuni\u00f3n con los dirigentes sindicales y dialogar\u00e1 adem\u00e1s con la muy cuestionada ministra de Desarrollo.<\/h3>\n\n\n\n<p>El Papa Francisco realizar\u00e1 esta semana una serie de encuentros con dirigentes y recibir\u00e1 con diferencia de horas a autoridades de la Confederaci\u00f3n General del Trabajo (CGT) y a la ministra de Capital Humano, Sandra Pettovello.<\/p>\n\n\n\n<p>A pesar de la gran tensi\u00f3n que hay entre los sindicalistas y el Gobierno, el canal de di\u00e1logo entre ambas partes es fluido debido a la negociaci\u00f3n abierta por los detalles de la reforma laboral a\u00fan en definici\u00f3n.<\/p>\n\n\n\n<p>De este modo, Pettovello se cruzar\u00e1 en Roma con dos de los tres ingtegrantes de la central, H\u00e9ctor Daer y Pablo Moyano, quienes har\u00e1n entrega al Papa de un documento que manifiesta su preocupaci\u00f3n por las pol\u00edticas econ\u00f3micas de la administraci\u00f3n de Javier Milei.<\/p>\n\n\n\n<p>Participar\u00e1n de la reuni\u00f3n del lunes a las 9.30, otros dirigentes gremiales como Gerardo Mart\u00ednez (UOCRA), Andr\u00e9s Rodr\u00edguez (UPCN), Jos\u00e9 Luis Lingeri (Obras Sanitarias), Juan Carlos Schmid (Dragado y Balizamiento), Rodolfo Daer (Alimentaci\u00f3n), Marina Jaureguiberry (docentes privados), Maia Volcovinsky (judiciales), Argentino Geneiro (gastron\u00f3micos), y Alejandro Gramajo (UTEP).<\/p>\n\n\n\n<p>La funcionaria nacional tambi\u00e9n visitar\u00e1 al Sumo Pont\u00edfice, y si bien, desde Capital Humano evitaron precisar la fecha del intercambio, trascendi\u00f3 que ser\u00eda entre el lunes y el martes, tras la reuni\u00f3n con la CGT.<\/p>\n\n\n\n<p>Se trata de la primera reuni\u00f3n a solas con la m\u00e1xima autoridad eclesi\u00e1stica, despu\u00e9s de haber participado en el intercambio que tuvo lugar el 14 de febrero junto a la comitiva presidencial encabezada por Milei que visit\u00f3 el Vaticano.<\/p>\n\n\n\n<p>Otro de los que viajar\u00e1 a Roma es Juan Grabois, dirigente nacional del Movimiento de Trabajadores Excluidos (MTE), lo har\u00e1 para participar de un simposio que se realiza el 20 de septiembre en el Vaticano para conmemorar los 10 a\u00f1os del primer encuentro mundial de movimientos populares con el Papa Francisco.<\/p>\n\n\n\n<p>Para Pettovello, el Papa \u201ctiene que recibir a todos\u201d, haciendo referencia al encuentro con las autoridades sindicales y a uno de los l\u00edderes de los movimientos sociales. \u201cHabl\u00e9 unas pocas palabras con \u00e9l cuando fui con la comitiva. El Papa est\u00e1 enterado de lo que pasa en Argentina. Nosotros enviamos informes al Papa y \u00e9l conoce la situaci\u00f3n de la mano de Capital Humano. Le importa mucho\u201d, indic\u00f3.<\/p>\n\n\n\n<p>Cabe recordar que la ministra y Grabois est\u00e1n enfrentados judicialmente por el almacenamiento de alimentos en galpones, reclamados por los distintos sectores sociales. La denuncia comenz\u00f3 con la demanda de las organizaciones al Ministerio de Capital Humano por discontinuar la entrega a los comedores y merenderos.<\/p>\n","protected":false},"excerpt":{"rendered":"<p>El Sumo Pont&iacute;fice, mantendr&aacute; una reuni&oacute;n con los dirigentes sindicales y dialogar&aacute; adem&aacute;s con la muy cuestionada ministra de Desarrollo. El Papa Francisco realizar&aacute; esta semana una serie de encuentros con dirigentes y recibir&aacute; con diferencia de horas a autoridades de la Confederaci&oacute;n General del Trabajo (CGT) y a la ministra de Capital Humano, Sandra [&hellip;]<\/p>\n","protected":false},"author":2,"featured_media":7307,"comment_status":"open","ping_status":"open","sticky":false,"template":"","format":"standard","meta":{"footnotes":""},"categories":[5,176],"tags":[226,395,336,373,377],"class_list":["post-7306","post","type-post","status-publish","format-standard","has-post-thumbnail","hentry","category-nacionales","category-politica","tag-cgt","tag-juan-grabois","tag-papa-francisco","tag-reunion","tag-sandra-petovello"],"_links":{"self":[{"href":"https:\/\/partediario.com.ar\/index.php?rest_route=\/wp\/v2\/posts\/7306","targetHints":{"allow":["GET"]}}],"collection":[{"href":"https:\/\/partediario.com.ar\/index.php?rest_route=\/wp\/v2\/posts"}],"about":[{"href":"https:\/\/partediario.com.ar\/index.php?rest_route=\/wp\/v2\/types\/post"}],"author":[{"embeddable":true,"href":"https:\/\/partediario.com.ar\/index.php?rest_route=\/wp\/v2\/users\/2"}],"replies":[{"embeddable":true,"href":"https:\/\/partediario.com.ar\/index.php?rest_route=%2Fwp%2Fv2%2Fcomments&post=7306"}],"version-history":[{"count":1,"href":"https:\/\/partediario.com.ar\/index.php?rest_route=\/wp\/v2\/posts\/7306\/revisions"}],"predecessor-version":[{"id":7308,"href":"https:\/\/partediario.com.ar\/index.php?rest_route=\/wp\/v2\/posts\/7306\/revisions\/7308"}],"wp:featuredmedia":[{"embeddable":true,"href":"https:\/\/partediario.com.ar\/index.php?rest_route=\/wp\/v2\/media\/7307"}],"wp:attachment":[{"href":"https:\/\/partediario.com.ar\/index.php?rest_route=%2Fwp%2Fv2%2Fmedia&parent=7306"}],"wp:term":[{"taxonomy":"category","embeddable":true,"href":"https:\/\/partediario.com.ar\/index.php?rest_route=%2Fwp%2Fv2%2Fcategories&post=7306"},{"taxonomy":"post_tag","embeddable":true,"href":"https:\/\/partediario.com.ar\/index.php?rest_route=%2Fwp%2Fv2%2Ftags&post=7306"}],"curies":[{"name":"wp","href":"https:\/\/api.w.org\/{rel}","templated":true}]}}