{"id":7315,"date":"2024-09-16T11:11:04","date_gmt":"2024-09-16T14:11:04","guid":{"rendered":"https:\/\/partediario.com.ar\/?p=7315"},"modified":"2024-09-17T11:07:46","modified_gmt":"2024-09-17T14:07:46","slug":"javier-milei-le-pidio-a-los-gobernadores-un-nuevo-ajuste-del-gasto-de-us60-000-millones","status":"publish","type":"post","link":"https:\/\/partediario.com.ar\/?p=7315","title":{"rendered":"Javier Milei le pidi\u00f3 a los gobernadores un nuevo ajuste del gasto de u$s60.000 millones"},"content":{"rendered":"\n<h3 class=\"wp-block-heading\">El mandatario le solicit\u00f3 a los mandatarios provinciales acompa\u00f1ar el recorte que lleva adelante el Estado nacional.<\/h3>\n\n\n\n<p>En sinton\u00eda con el ajuste del Estado nacional, el presidente Javier Milei inst\u00f3 a los gobernadores que implementen recortes en el erario por u$s60.000millones para reducir el gasto total a 25 puntos del PBI. Esta noche present\u00f3 el Presupuesto 2025 con nueva metodolog\u00eda de c\u00e1lculo para sostener el equilibrio fiscal.<\/p>\n\n\n\n<p>No obstante, les indic\u00f3 que \u201cseguir haciendo lo mismo de siempre\u201d no va a funcionar. \u201cD\u00e9jenme decir que hay algo de lo que estoy seguro que los argentinos no van a permitir y es que cuando el Estado nacional elimine o baje un impuesto, ustedes quieran subir los suyos, no va a caminar. Los argentinos son un pueblo rebelde y cansado de las avivadas de los pol\u00edticos\u201d, destac\u00f3.<\/p>\n\n\n\n<p>Luego afirm\u00f3 que el pa\u00eds est\u00e1 viviendo \u201cun momento bisagra\u201d en la historia de la Argentina y le pidi\u00f3 a los jefes provinciales que \u201cno subestimen\u201d la situaci\u00f3n. \u201cCuando ingres\u00e9 en la pol\u00edtica les dije que no ve\u00eda a guiar corderos sino a despertar leones y les cuento que si no lo han visto o no lo quieren ver los leones han despertado\u201d, apunt\u00f3.<\/p>\n\n\n\n<p>Milei sorprendi\u00f3 este domingo al presentar personalmente el Presupuesto ante el Congreso, una facultad que suele ser responsabilidad del Ministro de Econom\u00eda. \u201cDecid\u00ed hacerlo personalmente por dos razones: porque soy economista y estoy orgulloso de eso\u201d, dijo al precisar los motivos de su presencia.<\/p>\n\n\n\n<p>\u201cHoy estamos aqu\u00ed para presentar un Presupuesto nacional que va a cambiar la historia de nuestro pa\u00eds, de manera que volvamos a ser la argentina grande que alguna vez fuimos. Hoy venimos aqu\u00ed a ponerle un cepo al Estado\u201d, subray\u00f3 y a\u00f1adi\u00f3: \u201cEste presupuesto blinda el equilibrio fiscal, sin importar el escenario econ\u00f3mico. Independientemente de lo que suceda a nivel macro, el resultado fiscal estar\u00e1 equilibrado\u201d.<\/p>\n\n\n\n<p>Para el a\u00f1o pr\u00f3ximo el Gobierno espera que la econom\u00eda crezca 5%, la inflaci\u00f3n se desacelere a 18,3%, que el d\u00f3lar oficial avance a un ritmo semejante a los precios ubic\u00e1ndose en $1.207 en diciembre, un super\u00e1vit primario de 1,3% del PBI y equilibrio en el resultado financiero del Tesoro.<\/p>\n","protected":false},"excerpt":{"rendered":"<p>El mandatario le solicit&oacute; a los mandatarios provinciales acompa&ntilde;ar el recorte que lleva adelante el Estado nacional. En sinton&iacute;a con el ajuste del Estado nacional, el presidente Javier Milei inst&oacute; a los gobernadores que implementen recortes en el erario por u$s60.000millones para reducir el gasto total a 25 puntos del PBI. Esta noche present&oacute; el [&hellip;]<\/p>\n","protected":false},"author":2,"featured_media":7316,"comment_status":"open","ping_status":"open","sticky":false,"template":"","format":"standard","meta":{"footnotes":""},"categories":[5,176],"tags":[3259,1023,232],"class_list":["post-7315","post","type-post","status-publish","format-standard","has-post-thumbnail","hentry","category-nacionales","category-politica","tag-ajuste","tag-gobernadores","tag-javier-milei"],"_links":{"self":[{"href":"https:\/\/partediario.com.ar\/index.php?rest_route=\/wp\/v2\/posts\/7315","targetHints":{"allow":["GET"]}}],"collection":[{"href":"https:\/\/partediario.com.ar\/index.php?rest_route=\/wp\/v2\/posts"}],"about":[{"href":"https:\/\/partediario.com.ar\/index.php?rest_route=\/wp\/v2\/types\/post"}],"author":[{"embeddable":true,"href":"https:\/\/partediario.com.ar\/index.php?rest_route=\/wp\/v2\/users\/2"}],"replies":[{"embeddable":true,"href":"https:\/\/partediario.com.ar\/index.php?rest_route=%2Fwp%2Fv2%2Fcomments&post=7315"}],"version-history":[{"count":1,"href":"https:\/\/partediario.com.ar\/index.php?rest_route=\/wp\/v2\/posts\/7315\/revisions"}],"predecessor-version":[{"id":7317,"href":"https:\/\/partediario.com.ar\/index.php?rest_route=\/wp\/v2\/posts\/7315\/revisions\/7317"}],"wp:featuredmedia":[{"embeddable":true,"href":"https:\/\/partediario.com.ar\/index.php?rest_route=\/wp\/v2\/media\/7316"}],"wp:attachment":[{"href":"https:\/\/partediario.com.ar\/index.php?rest_route=%2Fwp%2Fv2%2Fmedia&parent=7315"}],"wp:term":[{"taxonomy":"category","embeddable":true,"href":"https:\/\/partediario.com.ar\/index.php?rest_route=%2Fwp%2Fv2%2Fcategories&post=7315"},{"taxonomy":"post_tag","embeddable":true,"href":"https:\/\/partediario.com.ar\/index.php?rest_route=%2Fwp%2Fv2%2Ftags&post=7315"}],"curies":[{"name":"wp","href":"https:\/\/api.w.org\/{rel}","templated":true}]}}