{"id":7321,"date":"2024-09-16T11:43:41","date_gmt":"2024-09-16T14:43:41","guid":{"rendered":"https:\/\/partediario.com.ar\/?p=7321"},"modified":"2024-09-17T11:07:37","modified_gmt":"2024-09-17T14:07:37","slug":"el-gobierno-nacional-oficializo-la-declaracion-como-servicio-esencial-del-transporte-aereo","status":"publish","type":"post","link":"https:\/\/partediario.com.ar\/?p=7321","title":{"rendered":"El Gobierno nacional oficializ\u00f3 la declaraci\u00f3n como \u00abservicio esencial\u00bb del transporte a\u00e9reo"},"content":{"rendered":"\n<h3 class=\"wp-block-heading\">El Gobierno oficializ\u00f3 hoy por medio de decretos, la declaraci\u00f3n de \u201cservicio esencial\u201d a la actividad a\u00e9rea, que hab\u00eda sido anunciada el viernes de la semana pasada, el mismo d\u00eda en que los gremios aeron\u00e1uticos cumpl\u00edan una medida de fuerza por 24 horas.<\/h3>\n\n\n\n<p>Ante la oficializaci\u00f3n de la medida, los gremios alertaron que se presentar\u00e1n ante la Justicia para revertir la situaci\u00f3n y adelantaron que el conflicto que mantienen con Aerol\u00edneas Argentinas en particular y el Gobierno en general, \u201cse va a agravar\u201d.<\/p>\n\n\n\n<p>La medida se oficializ\u00f3 con la publicaci\u00f3n en el Bolet\u00edn Oficial a trav\u00e9s dos decretos, 825 y 831 y establece que \u201cconforme a las decisiones del Comit\u00e9 de Libertad Sindical de la Organizaci\u00f3n Internacional del Trabajo (OIT) resulta leg\u00edtimo requerir un servicio m\u00ednimo en aquellos que son de importancia trascendental para el pa\u00eds y\/o en huelgas en sectores de alta importancia que por su duraci\u00f3n o magnitud pueden producir da\u00f1os irreversibles, poner en peligro la salud o la seguridad p\u00fablica, o generar consecuencias graves para el pa\u00eds\u201d.<\/p>\n\n\n\n<p>Los decretos llevan la firma del presidente Javier Milei, el jefe de Gabinete, Guillermo Francos, y los ministros Sandra Pettovello (Capital Humano) y Luis Caputo (Econom\u00eda).<\/p>\n\n\n\n<p>En los considerandos se se\u00f1ala que \u201cla interrupci\u00f3n del servicio p\u00fablico esencial de aeron\u00e1utica civil aerocomercial puede generar consecuencias graves\u201d para el pa\u00eds, \u201camenazar la seguridad o salud de la poblaci\u00f3n, afectar el suministro de insumos esenciales y dificultar la conectividad y el comercio local e internacional\u201d. Advierten que \u201cla afectaci\u00f3n del referido servicio repercute en toda la cadena de valor del transporte a\u00e9reo y en las m\u00faltiples industrias que dependen de manera directa e indirecta de este medio de transporte de personas y mercanc\u00edas para su normal desarrollo\u201d.<\/p>\n\n\n\n<p>Y agrega que \u201ccon el fin de evitar da\u00f1os y perjuicios a los usuarios y a los consumidores que sufren las consecuencias de los conflictos colectivos, as\u00ed como a las actividades econ\u00f3micas que utilizan el servicio aerocomercial para su correcto funcionamiento, resulta necesario instrumentar un r\u00e9gimen de prestaciones m\u00ednimas que permitan garantizar un equilibrio en el goce de las libertades involucradas\u201d.<\/p>\n\n\n\n<p>La norma obliga a las partes a que, dentro de las 24 horas de notificada la comunicaci\u00f3n \u201cdeber\u00e1n ponerse de acuerdo sobre los servicios m\u00ednimos que se mantendr\u00e1n durante el conflicto y las modalidades de su ejecuci\u00f3n, precisando concreta y detalladamente la forma en que se ejecutar\u00e1n las prestaciones, incluyendo la designaci\u00f3n del personal involucrado\u201d.<\/p>\n\n\n\n<p>\u201cSi una vez agotado dicho t\u00e9rmino el acuerdo no fuere posible o los servicios m\u00ednimos informados resultaren insuficientes, la determinaci\u00f3n de las materias enumeradas precedentemente ser\u00e1 efectivizada en el t\u00e9rmino de 48 horas por la Autoridad de Aplicaci\u00f3n, que notificar\u00e1 e intimar\u00e1 a las partes a su cumplimiento\u201d, se menciona los considerandos.<\/p>\n\n\n\n<p>Y a\u00f1ade que \u201cen este supuesto se deber\u00e1 tener en cuenta para la determinaci\u00f3n de los servicios m\u00ednimos un porcentaje que en ning\u00fan caso podr\u00e1 resultar inferior al 50% respecto de la actividad o prestaci\u00f3n normal y regular de los servicios, con una escala gradual sobre la base de la duraci\u00f3n y extensi\u00f3n acumulada del per\u00edodo de huelga y del conflicto colectivo de trabajo, garantizando la conectividad en las rutas que contaren con un solo servicio\u201d.<\/p>\n\n\n\n<p>Advierte adem\u00e1s que: \u201ccuando no hubiere acuerdo entre las partes o los servicios m\u00ednimos informados resultaren insuficientes, la Autoridad de Aplicaci\u00f3n podr\u00e1 solicitar el asesoramiento, con car\u00e1cter no vinculante, de la Comisi\u00f3n de Garant\u00edas prevista en el art\u00edculo 24 de la Ley N\u00b0 25.877, con el fin de determinar la modalidad y caracter\u00edsticas en la ejecuci\u00f3n de los servicios m\u00ednimos necesarios\u201d.<\/p>\n\n\n\n<p>La medida es rechazada por los gremios aeron\u00e1uticos, en particular por la Asociaci\u00f3n de Pilotos de L\u00edneas A\u00e9reas (APLA), cuyo titular, Pablo Bir\u00f3, sostuvo que har\u00e1n una presentaci\u00f3n en la Justicia contra la declaraci\u00f3n como servicio esencial al sector aerocomercial.<\/p>\n\n\n\n<p>\u201cEs una medida ileg\u00edtima, ilegal, vamos a recurrir a Justicia local, a la OIT, a la Comisi\u00f3n Interamericana de Derechos Humanos (CIDH). El derecho de huelga es fundamental, solo puede estar regulado cuando est\u00e9n en peligro bienes superiores, como la vida o la salud\u201d, manifest\u00f3 Bir\u00f3 en declaraciones radiales.<\/p>\n\n\n\n<p>El sindicalista advirti\u00f3 que \u201cel conflicto se va a agravar. Dicen que hacemos paros salvajes y encubiertos, pero es figura no existe. Un paro es un derecho de huelga, fundamental, \u00fanico medio leg\u00edtimo para defender nuestros intereses, en reclamo de aumentos salariales\u201d, asever\u00f3.<\/p>\n","protected":false},"excerpt":{"rendered":"<p>El Gobierno oficializ&oacute; hoy por medio de decretos, la declaraci&oacute;n de &ldquo;servicio esencial&rdquo; a la actividad a&eacute;rea, que hab&iacute;a sido anunciada el viernes de la semana pasada, el mismo d&iacute;a en que los gremios aeron&aacute;uticos cumpl&iacute;an una medida de fuerza por 24 horas. Ante la oficializaci&oacute;n de la medida, los gremios alertaron que se presentar&aacute;n [&hellip;]<\/p>\n","protected":false},"author":2,"featured_media":7322,"comment_status":"open","ping_status":"open","sticky":false,"template":"","format":"standard","meta":{"footnotes":""},"categories":[978,5,176],"tags":[962,3263,224,232,3262,3083,1434,3264],"class_list":["post-7321","post","type-post","status-publish","format-standard","has-post-thumbnail","hentry","category-gremiales","category-nacionales","category-politica","tag-aerolineas-argentinas","tag-esencial","tag-gobierno","tag-javier-milei","tag-oficializo","tag-pablo-biro","tag-servicio","tag-transporte-aereo"],"_links":{"self":[{"href":"https:\/\/partediario.com.ar\/index.php?rest_route=\/wp\/v2\/posts\/7321","targetHints":{"allow":["GET"]}}],"collection":[{"href":"https:\/\/partediario.com.ar\/index.php?rest_route=\/wp\/v2\/posts"}],"about":[{"href":"https:\/\/partediario.com.ar\/index.php?rest_route=\/wp\/v2\/types\/post"}],"author":[{"embeddable":true,"href":"https:\/\/partediario.com.ar\/index.php?rest_route=\/wp\/v2\/users\/2"}],"replies":[{"embeddable":true,"href":"https:\/\/partediario.com.ar\/index.php?rest_route=%2Fwp%2Fv2%2Fcomments&post=7321"}],"version-history":[{"count":1,"href":"https:\/\/partediario.com.ar\/index.php?rest_route=\/wp\/v2\/posts\/7321\/revisions"}],"predecessor-version":[{"id":7323,"href":"https:\/\/partediario.com.ar\/index.php?rest_route=\/wp\/v2\/posts\/7321\/revisions\/7323"}],"wp:featuredmedia":[{"embeddable":true,"href":"https:\/\/partediario.com.ar\/index.php?rest_route=\/wp\/v2\/media\/7322"}],"wp:attachment":[{"href":"https:\/\/partediario.com.ar\/index.php?rest_route=%2Fwp%2Fv2%2Fmedia&parent=7321"}],"wp:term":[{"taxonomy":"category","embeddable":true,"href":"https:\/\/partediario.com.ar\/index.php?rest_route=%2Fwp%2Fv2%2Fcategories&post=7321"},{"taxonomy":"post_tag","embeddable":true,"href":"https:\/\/partediario.com.ar\/index.php?rest_route=%2Fwp%2Fv2%2Ftags&post=7321"}],"curies":[{"name":"wp","href":"https:\/\/api.w.org\/{rel}","templated":true}]}}