{"id":7324,"date":"2024-09-16T11:50:27","date_gmt":"2024-09-16T14:50:27","guid":{"rendered":"https:\/\/partediario.com.ar\/?p=7324"},"modified":"2024-09-16T11:50:28","modified_gmt":"2024-09-16T14:50:28","slug":"la-hermana-de-fabiola-yanez-declara-en-estos-momentos-en-la-causa-contra-alberto-fernandez","status":"publish","type":"post","link":"https:\/\/partediario.com.ar\/?p=7324","title":{"rendered":"La hermana de Fabiola Ya\u00f1ez declara en estos momentos en la causa contra Alberto Fern\u00e1ndez"},"content":{"rendered":"\n<h3 class=\"wp-block-heading\">Tamara, hermana de Fabiola Ya\u00f1ez, ingres\u00f3 esta ma\u00f1ana a los tribunales federales de Retiro para declarar como testigo en la causa que investiga por violencia de g\u00e9nero, contra la ex primera dama, al ex presidente Alberto Fern\u00e1ndez.<\/h3>\n\n\n\n<p>La declaraci\u00f3n de Tamara fue solicitada por la abogada de la ex primera dama, Mariana Gallego y sumar\u00eda evidencia relativa a la acusaci\u00f3n que se hizo al ex presidente, vinculada a presuntos golpes a Fabiola, junto a supuestos episodios de hostigamiento y maltrato mientras fueron pareja.<\/p>\n\n\n\n<p>La cita para Tamara es para este lunes a las 10 en la sede de la fiscal\u00eda, en el quinto piso de Comodoro Py 2002.<\/p>\n\n\n\n<p>En principio, la hermana de Fabiola estaba convocada para este viernes, pero la abogada defensora de Alberto Fern\u00e1ndez, Silvina Carreira, aolicit\u00f3 reprogramar la declaraci\u00f3n por cuestiones de su agenda laboral.<\/p>\n\n\n\n<p>Lo hizo en el mismo escrito que present\u00f3 a la fiscal\u00eda en el que solicit\u00f3 once medidas de prueba y anex\u00f3 fotograf\u00edas e im\u00e1genes de actividades oficiales de la querellante en el per\u00edodo en el que denunci\u00f3 haber sido golpeada, junio de 2021.<\/p>\n\n\n\n<p>La defensa aport\u00f3 im\u00e1genes de la participaci\u00f3n de Ya\u00f1ez el 30 de junio de 2021 desde Olivos en el \u00abForo P\u00fablico de G\u00e9nero\u00bb de la ONU donde \u00abpuede apreciarse el buen estado de salud de la se\u00f1ora Ya\u00f1ez sin presencia de moret\u00f3n alguno en su rostro\u00bb, argument\u00f3.<\/p>\n\n\n\n<p>En la investigaci\u00f3n aun debe declarar la ex amiga de Fabiola y ex empleada de Presidencia Sof\u00eda Pachi, cuya citaci\u00f3n se posterg\u00f3 por razones de salud y por ahora no tiene nueva fecha.<\/p>\n\n\n\n<p>El fiscal tambi\u00e9n tiene que resolver si cita a los testigos que aport\u00f3 la defensa del ex Presidente y que dejaron su testimonio en una escriban\u00eda.<\/p>\n\n\n\n<p>Los sobres con sus dichos identificados por letras se entregaron al fiscal y quedaron abiertos ante todas las partes esta semana sin que se haya tomado a\u00fan una decisi\u00f3n al respecto.<\/p>\n\n\n\n<p>El fiscal dispuso enviar exhortos a Espa\u00f1a, donde reside en la actualidad Fabiola junto a su madre, Miriam Verdugo, para que esta \u00faltima declare a la distancia y para que la Justicia de ese pa\u00eds supervise la extracci\u00f3n de datos del tel\u00e9fono celular de Ya\u00f1ez y el env\u00edo de esa informaci\u00f3n a la Argentina.<\/p>\n","protected":false},"excerpt":{"rendered":"<p>Tamara, hermana de Fabiola Ya&ntilde;ez, ingres&oacute; esta ma&ntilde;ana a los tribunales federales de Retiro para declarar como testigo en la causa que investiga por violencia de g&eacute;nero, contra la ex primera dama, al ex presidente Alberto Fern&aacute;ndez. La declaraci&oacute;n de Tamara fue solicitada por la abogada de la ex primera dama, Mariana Gallego y sumar&iacute;a [&hellip;]<\/p>\n","protected":false},"author":2,"featured_media":7325,"comment_status":"open","ping_status":"open","sticky":false,"template":"","format":"standard","meta":{"footnotes":""},"categories":[979,5],"tags":[517,3156,2410,2411,2447,3266],"class_list":["post-7324","post","type-post","status-publish","format-standard","has-post-thumbnail","hentry","category-judiciales","category-nacionales","tag-alberto-fernandez","tag-declara","tag-fabiola-yanez-3","tag-mariana-gallego","tag-silvina-carreira","tag-tamara-yanez"],"_links":{"self":[{"href":"https:\/\/partediario.com.ar\/index.php?rest_route=\/wp\/v2\/posts\/7324","targetHints":{"allow":["GET"]}}],"collection":[{"href":"https:\/\/partediario.com.ar\/index.php?rest_route=\/wp\/v2\/posts"}],"about":[{"href":"https:\/\/partediario.com.ar\/index.php?rest_route=\/wp\/v2\/types\/post"}],"author":[{"embeddable":true,"href":"https:\/\/partediario.com.ar\/index.php?rest_route=\/wp\/v2\/users\/2"}],"replies":[{"embeddable":true,"href":"https:\/\/partediario.com.ar\/index.php?rest_route=%2Fwp%2Fv2%2Fcomments&post=7324"}],"version-history":[{"count":1,"href":"https:\/\/partediario.com.ar\/index.php?rest_route=\/wp\/v2\/posts\/7324\/revisions"}],"predecessor-version":[{"id":7326,"href":"https:\/\/partediario.com.ar\/index.php?rest_route=\/wp\/v2\/posts\/7324\/revisions\/7326"}],"wp:featuredmedia":[{"embeddable":true,"href":"https:\/\/partediario.com.ar\/index.php?rest_route=\/wp\/v2\/media\/7325"}],"wp:attachment":[{"href":"https:\/\/partediario.com.ar\/index.php?rest_route=%2Fwp%2Fv2%2Fmedia&parent=7324"}],"wp:term":[{"taxonomy":"category","embeddable":true,"href":"https:\/\/partediario.com.ar\/index.php?rest_route=%2Fwp%2Fv2%2Fcategories&post=7324"},{"taxonomy":"post_tag","embeddable":true,"href":"https:\/\/partediario.com.ar\/index.php?rest_route=%2Fwp%2Fv2%2Ftags&post=7324"}],"curies":[{"name":"wp","href":"https:\/\/api.w.org\/{rel}","templated":true}]}}