{"id":7343,"date":"2024-09-16T15:10:36","date_gmt":"2024-09-16T18:10:36","guid":{"rendered":"https:\/\/partediario.com.ar\/?p=7343"},"modified":"2024-09-16T15:10:36","modified_gmt":"2024-09-16T18:10:36","slug":"villa-urquiza-festejo-el-171-aniversario","status":"publish","type":"post","link":"https:\/\/partediario.com.ar\/?p=7343","title":{"rendered":"Villa Urquiza festej\u00f3 el 171\u00b0 aniversario"},"content":{"rendered":"\n<h3 class=\"wp-block-heading\">El 1 de septiembre se celebr\u00f3 el 171\u00b0 aniversario, en un d\u00eda lleno de emociones y tradiciones, se inici\u00f3 la jornada de festejos con un acto protocolar que honr\u00f3 nuestra historia y culmin\u00f3 con el tradicional almuerzo que reuni\u00f3 a toda la comunidad.<\/h3>\n\n\n\n<p>Queremos expresar nuestro m\u00e1s sincero agradecimiento a cada uno de ustedes que participaron de estos festejos, haciendo de este aniversario un evento memorable, se\u00f1alaron desde el municipio.<\/p>\n\n\n\n<p>Y agregaron: \u00abuna menci\u00f3n especial para todas las personas y empleados municipales que trabajaron arduamente para que todo se desarrollara de la mejor manera posible. Su dedicaci\u00f3n y esfuerzo fueron fundamentales para el \u00e9xito de esta jornada.<\/p>\n\n\n\n<p><\/p>\n\n\n\n<figure class=\"wp-block-image size-full\"><img loading=\"lazy\" decoding=\"async\" width=\"800\" height=\"445\" src=\"https:\/\/partediario.com.ar\/wp-content\/uploads\/Diseno-sin-titulo-18-800x445-1.png\" alt=\"\" class=\"wp-image-7344\" srcset=\"https:\/\/partediario.com.ar\/wp-content\/uploads\/Diseno-sin-titulo-18-800x445-1.png 800w, https:\/\/partediario.com.ar\/wp-content\/uploads\/Diseno-sin-titulo-18-800x445-1-300x167.png 300w, https:\/\/partediario.com.ar\/wp-content\/uploads\/Diseno-sin-titulo-18-800x445-1-768x427.png 768w\" sizes=\"auto, (max-width: 800px) 100vw, 800px\" \/><\/figure>\n\n\n\n<p><\/p>\n\n\n\n<p>Tambi\u00e9n agradecemos a los artesanos, emprendedores, instituciones y a todos los que participaron con sus cantinas y espect\u00e1culos.<\/p>\n\n\n\n<p>Desde la Municipalidad destacaron el aporte del Taller Municipal de Musica, Ballet Municipal Puesta de Sol, Danzas Urbanas del Club Del Progreso, Ballet La Fortinera de Cerrito, y los grupos musicales: Exequiel Cardenia, Sin Mie2, Ponte a Bailar, Super Banda Estrella, Los Saraluce\u00f1os, Sofi Drei.<\/p>\n\n\n\n<p>Agradecemos a los vecinos y turistas que se sumaron a este evento tan especial.<\/p>\n","protected":false},"excerpt":{"rendered":"<p>El 1 de septiembre se celebr&oacute; el 171&deg; aniversario, en un d&iacute;a lleno de emociones y tradiciones, se inici&oacute; la jornada de festejos con un acto protocolar que honr&oacute; nuestra historia y culmin&oacute; con el tradicional almuerzo que reuni&oacute; a toda la comunidad. Queremos expresar nuestro m&aacute;s sincero agradecimiento a cada uno de ustedes que [&hellip;]<\/p>\n","protected":false},"author":2,"featured_media":7345,"comment_status":"open","ping_status":"open","sticky":false,"template":"","format":"standard","meta":{"footnotes":""},"categories":[8,726],"tags":[631,2457],"class_list":["post-7343","post","type-post","status-publish","format-standard","has-post-thumbnail","hentry","category-provinciales","category-sociedad","tag-aniversario","tag-villa-urquiza"],"_links":{"self":[{"href":"https:\/\/partediario.com.ar\/index.php?rest_route=\/wp\/v2\/posts\/7343","targetHints":{"allow":["GET"]}}],"collection":[{"href":"https:\/\/partediario.com.ar\/index.php?rest_route=\/wp\/v2\/posts"}],"about":[{"href":"https:\/\/partediario.com.ar\/index.php?rest_route=\/wp\/v2\/types\/post"}],"author":[{"embeddable":true,"href":"https:\/\/partediario.com.ar\/index.php?rest_route=\/wp\/v2\/users\/2"}],"replies":[{"embeddable":true,"href":"https:\/\/partediario.com.ar\/index.php?rest_route=%2Fwp%2Fv2%2Fcomments&post=7343"}],"version-history":[{"count":1,"href":"https:\/\/partediario.com.ar\/index.php?rest_route=\/wp\/v2\/posts\/7343\/revisions"}],"predecessor-version":[{"id":7346,"href":"https:\/\/partediario.com.ar\/index.php?rest_route=\/wp\/v2\/posts\/7343\/revisions\/7346"}],"wp:featuredmedia":[{"embeddable":true,"href":"https:\/\/partediario.com.ar\/index.php?rest_route=\/wp\/v2\/media\/7345"}],"wp:attachment":[{"href":"https:\/\/partediario.com.ar\/index.php?rest_route=%2Fwp%2Fv2%2Fmedia&parent=7343"}],"wp:term":[{"taxonomy":"category","embeddable":true,"href":"https:\/\/partediario.com.ar\/index.php?rest_route=%2Fwp%2Fv2%2Fcategories&post=7343"},{"taxonomy":"post_tag","embeddable":true,"href":"https:\/\/partediario.com.ar\/index.php?rest_route=%2Fwp%2Fv2%2Ftags&post=7343"}],"curies":[{"name":"wp","href":"https:\/\/api.w.org\/{rel}","templated":true}]}}