{"id":7358,"date":"2024-09-16T17:57:51","date_gmt":"2024-09-16T20:57:51","guid":{"rendered":"https:\/\/partediario.com.ar\/?p=7358"},"modified":"2024-09-16T17:57:52","modified_gmt":"2024-09-16T20:57:52","slug":"isa-castagnino-se-reunio-con-el-ministro-de-gobierno-de-la-provincia-de-buenos-aires-para-tratar-la-situacion-del-rio-parana","status":"publish","type":"post","link":"https:\/\/partediario.com.ar\/?p=7358","title":{"rendered":"Isa Castagnino se reuni\u00f3 con el ministro de Gobierno de la provincia de Buenos Aires para tratar la situaci\u00f3n del R\u00edo Paran\u00e1"},"content":{"rendered":"\n<h3 class=\"wp-block-heading\">La intendente, Isa Castagnino, mantuvo un encuentro con el ministro de Gobierno de la provincia de Buenos Aires, Carlos Bianco, en el que se abordaron temas clave para Victoria: la situaci\u00f3n cr\u00edtica del r\u00edo Paran\u00e1 y la colaboraci\u00f3n en el combate a los incendios en las islas.<\/h3>\n\n\n\n<p>La reuni\u00f3n se llev\u00f3 adelante el mi\u00e9rcoles en Casa de Gobierno de la provincia de Buenos Aires, precisamente en el despacho del ministro.<\/p>\n\n\n\n<p>Durante la reuni\u00f3n, Castagnino comunic\u00f3 al ministro la situaci\u00f3n que enfrenta Victoria frente a la bajante del r\u00edo y los efectos de la hidrov\u00eda. En este sentido, le coment\u00f3 que est\u00e1 realizando todas las gestiones posibles para el urgente dragado.<\/p>\n\n\n\n<p><\/p>\n\n\n\n<figure class=\"wp-block-image size-full\"><img loading=\"lazy\" decoding=\"async\" width=\"800\" height=\"533\" src=\"https:\/\/partediario.com.ar\/wp-content\/uploads\/458384391_921815673306701_4569237140106243567_n.jpg\" alt=\"\" class=\"wp-image-7359\" srcset=\"https:\/\/partediario.com.ar\/wp-content\/uploads\/458384391_921815673306701_4569237140106243567_n.jpg 800w, https:\/\/partediario.com.ar\/wp-content\/uploads\/458384391_921815673306701_4569237140106243567_n-300x200.jpg 300w, https:\/\/partediario.com.ar\/wp-content\/uploads\/458384391_921815673306701_4569237140106243567_n-768x512.jpg 768w\" sizes=\"auto, (max-width: 800px) 100vw, 800px\" \/><\/figure>\n\n\n\n<p><\/p>\n\n\n\n<p>La intendente destac\u00f3 que, si bien las principales gestiones ya se est\u00e1n llevando a cabo con el gobierno de Entre R\u00edos, contar con el apoyo y colaboraci\u00f3n de la provincia de Buenos Aires ser\u00eda de gran valor para expandir y agilizar las acciones necesarias.\u00bbHemos avanzado significativamente con la provincia de Entre R\u00edos, pero consideramos que una colaboraci\u00f3n m\u00e1s amplia siempre es bienvenida en un contexto tan delicado como \u00e9ste\u00bb, explic\u00f3 la intendente.<\/p>\n\n\n\n<p>Por su parte, Bianco se comprometi\u00f3 a llevar una agenda de trabajo conjunto con Victoria en \u00e9ste y otros asuntos. Tambi\u00e9n expres\u00f3 que har\u00e1 todo lo que est\u00e9 a su alcance para colaborar ante este dif\u00edcil panorama.<\/p>\n\n\n\n<p>Por otro lado, Castagnino aprovech\u00f3 la oportunidad para agradecer formalmente al ministro Bianco por el apoyo constante que Buenos Aires ha brindado en la lucha contra los incendios en las islas, que afectan tanto al ecosistema como a la salud de los habitantes de Victoria. \u00abLa colaboraci\u00f3n de su provincia ha sido clave en momentos cr\u00edticos, y confiamos en seguir trabajando juntos para enfrentar \u00e9ste y otros desaf\u00edos ambientales\u00bb, se\u00f1al\u00f3 Castagnino.<\/p>\n\n\n\n<p>La reuni\u00f3n refuerza el v\u00ednculo entre ambas administraciones y subraya la importancia de la cooperaci\u00f3n interprovincial para afrontar los problemas ambientales que afectan a la regi\u00f3n.<\/p>\n","protected":false},"excerpt":{"rendered":"<p>La intendente, Isa Castagnino, mantuvo un encuentro con el ministro de Gobierno de la provincia de Buenos Aires, Carlos Bianco, en el que se abordaron temas clave para Victoria: la situaci&oacute;n cr&iacute;tica del r&iacute;o Paran&aacute; y la colaboraci&oacute;n en el combate a los incendios en las islas. La reuni&oacute;n se llev&oacute; adelante el mi&eacute;rcoles en [&hellip;]<\/p>\n","protected":false},"author":2,"featured_media":7360,"comment_status":"open","ping_status":"open","sticky":false,"template":"","format":"standard","meta":{"footnotes":""},"categories":[3272,8],"tags":[721,3279,2882,373,1520],"class_list":["post-7358","post","type-post","status-publish","format-standard","has-post-thumbnail","hentry","category-municipales","category-provinciales","tag-buenos-aires","tag-carlos-bianco","tag-isa-castagnino","tag-reunion","tag-rio-parana"],"_links":{"self":[{"href":"https:\/\/partediario.com.ar\/index.php?rest_route=\/wp\/v2\/posts\/7358","targetHints":{"allow":["GET"]}}],"collection":[{"href":"https:\/\/partediario.com.ar\/index.php?rest_route=\/wp\/v2\/posts"}],"about":[{"href":"https:\/\/partediario.com.ar\/index.php?rest_route=\/wp\/v2\/types\/post"}],"author":[{"embeddable":true,"href":"https:\/\/partediario.com.ar\/index.php?rest_route=\/wp\/v2\/users\/2"}],"replies":[{"embeddable":true,"href":"https:\/\/partediario.com.ar\/index.php?rest_route=%2Fwp%2Fv2%2Fcomments&post=7358"}],"version-history":[{"count":1,"href":"https:\/\/partediario.com.ar\/index.php?rest_route=\/wp\/v2\/posts\/7358\/revisions"}],"predecessor-version":[{"id":7361,"href":"https:\/\/partediario.com.ar\/index.php?rest_route=\/wp\/v2\/posts\/7358\/revisions\/7361"}],"wp:featuredmedia":[{"embeddable":true,"href":"https:\/\/partediario.com.ar\/index.php?rest_route=\/wp\/v2\/media\/7360"}],"wp:attachment":[{"href":"https:\/\/partediario.com.ar\/index.php?rest_route=%2Fwp%2Fv2%2Fmedia&parent=7358"}],"wp:term":[{"taxonomy":"category","embeddable":true,"href":"https:\/\/partediario.com.ar\/index.php?rest_route=%2Fwp%2Fv2%2Fcategories&post=7358"},{"taxonomy":"post_tag","embeddable":true,"href":"https:\/\/partediario.com.ar\/index.php?rest_route=%2Fwp%2Fv2%2Ftags&post=7358"}],"curies":[{"name":"wp","href":"https:\/\/api.w.org\/{rel}","templated":true}]}}