{"id":7365,"date":"2024-09-16T18:47:24","date_gmt":"2024-09-16T21:47:24","guid":{"rendered":"https:\/\/partediario.com.ar\/?p=7365"},"modified":"2024-09-17T11:07:16","modified_gmt":"2024-09-17T14:07:16","slug":"se-readjudicaran-68-cargos-para-el-ingreso-a-las-residencias-en-salud-en-entre-rios","status":"publish","type":"post","link":"https:\/\/partediario.com.ar\/?p=7365","title":{"rendered":"Se readjudicar\u00e1n 68 cargos para el ingreso a las residencias en salud en Entre R\u00edos"},"content":{"rendered":"\n<h3 class=\"wp-block-heading\">En julio se llev\u00f3 adelante el examen de Residencias M\u00e9dicas 2024, al cual se postularon 160 profesionales para completar su formaci\u00f3n en alguna de las 23 especialidades. No obstante, se realizar\u00e1 una instancia de readjudicaci\u00f3n para cubrir los cargos concursados que han quedado vacantes.<\/h3>\n\n\n\n<p>El 17 y 18 de septiembre se podr\u00e1 completar la inscripci\u00f3n online a trav\u00e9s del SISA, mientras que del 17 al 20 del corriente mes se recepcionar\u00e1 la documentaci\u00f3n en la Coordinaci\u00f3n de Residencias M\u00e9dicas del Ministerio de Salud (25 de Mayo 139 &#8211; Paran\u00e1), en el horario de 8 a 11.<\/p>\n\n\n\n<p>En esta oportunidad, se readjudicar\u00e1n 68 cargos que quedaron vacantes correspondientes a las siguientes especialidades y sedes:<\/p>\n\n\n\n<p><strong>Gualeguaych\u00fa &#8211; Hospital Centenario<\/strong><\/p>\n\n\n\n<p>Pediatr\u00eda (3 cargos), Medicina General y Familiar (2 cargos); Salud Mental (un cargo de m\u00e9dico, uno de psicolog\u00eda, uno de comunicaci\u00f3n social y uno de terapia ocupacional).<\/p>\n\n\n\n<p><strong>Concordia &#8211; Hospital Masvernat<\/strong><\/p>\n\n\n\n<p>Neonatolog\u00eda (tres cargos), nefrolog\u00eda (un cargo), ortopedia y traumatolog\u00eda (dos cargos), tocoginecolog\u00eda (un cargo), cirug\u00eda general (dos cargos), cl\u00ednica m\u00e9dica (dos cargos), pediatr\u00eda (cuatro cargos) y medicina general y familiar (tres cargos).<\/p>\n\n\n\n<p><strong>Hospital Felipe Heras<\/strong><\/p>\n\n\n\n<p>Salud mental (un cargo m\u00e9dico y uno de comunicaci\u00f3n social).<\/p>\n\n\n\n<p><strong>C. del Uruguay &#8211; Hospital J. J. Urquiza<\/strong><\/p>\n\n\n\n<p>Pediatr\u00eda (tres cargos), medicina general y familiar (dos cargos), cl\u00ednica m\u00e9dica (tres cargos), cirug\u00eda general (tres cargos), tocoginecolog\u00eda (tres cargos) y terapia intensiva adultos (un cargo).<\/p>\n\n\n\n<p><strong>Ram\u00edrez &#8211; Hospital Nuestra Se\u00f1ora del Luj\u00e1n<\/strong><\/p>\n\n\n\n<p>Medicina general y familiar (un cargo).<\/p>\n\n\n\n<p><strong>Villaguay &#8211; Hospital Santa Rosa<\/strong><\/p>\n\n\n\n<p>Medicina general y familiar (dos cargos).<\/p>\n\n\n\n<p><strong>Paran\u00e1 &#8211; Hospital San Mart\u00edn<\/strong><\/p>\n\n\n\n<p>Medicina general y familiar (dos cargos), cl\u00ednica m\u00e9dica (tres cargos), cirug\u00eda general (un cargo), tocoginecolog\u00eda (cuatro cargos), emergentolog\u00eda (un cargo) y terapia intensiva (un cargo).<\/p>\n\n\n\n<p><strong>Hospital Materno Infantil San Roque<\/strong><\/p>\n\n\n\n<p>Pediatr\u00eda (cuatro cargos), neonatolog\u00eda (un cargo), terapia intensiva infantil (un cargo).<\/p>\n\n\n\n<p><strong>Hospital Escuela de Salud Mental<\/strong><\/p>\n\n\n\n<p>Un cargo para terapia ocupacional y un cargo para enfermer\u00eda.<\/p>\n\n\n\n<p><strong>Ministerio de Salud<\/strong><\/p>\n\n\n\n<p>Epidemiolog\u00eda (un cargo).<\/p>\n\n\n\n<p>Para obtener m\u00e1s informaci\u00f3n, se puede ingresar al siguiente enlace: <a href=\"https:\/\/portal.entrerios.gov.ar\/salud\/pf\/residenciasmedicas\/11311\">https:\/\/portal.entrerios.gov.ar\/salud\/pf\/residenciasmedicas\/11311<\/a><\/p>\n","protected":false},"excerpt":{"rendered":"<p>En julio se llev&oacute; adelante el examen de Residencias M&eacute;dicas 2024, al cual se postularon 160 profesionales para completar su formaci&oacute;n en alguna de las 23 especialidades. No obstante, se realizar&aacute; una instancia de readjudicaci&oacute;n para cubrir los cargos concursados que han quedado vacantes. El 17 y 18 de septiembre se podr&aacute; completar la inscripci&oacute;n [&hellip;]<\/p>\n","protected":false},"author":2,"featured_media":7366,"comment_status":"open","ping_status":"open","sticky":false,"template":"","format":"standard","meta":{"footnotes":""},"categories":[8,726],"tags":[3285,257,3284,306],"class_list":["post-7365","post","type-post","status-publish","format-standard","has-post-thumbnail","hentry","category-provinciales","category-sociedad","tag-cargos","tag-entre-rios","tag-readjudicacion","tag-salud"],"_links":{"self":[{"href":"https:\/\/partediario.com.ar\/index.php?rest_route=\/wp\/v2\/posts\/7365","targetHints":{"allow":["GET"]}}],"collection":[{"href":"https:\/\/partediario.com.ar\/index.php?rest_route=\/wp\/v2\/posts"}],"about":[{"href":"https:\/\/partediario.com.ar\/index.php?rest_route=\/wp\/v2\/types\/post"}],"author":[{"embeddable":true,"href":"https:\/\/partediario.com.ar\/index.php?rest_route=\/wp\/v2\/users\/2"}],"replies":[{"embeddable":true,"href":"https:\/\/partediario.com.ar\/index.php?rest_route=%2Fwp%2Fv2%2Fcomments&post=7365"}],"version-history":[{"count":1,"href":"https:\/\/partediario.com.ar\/index.php?rest_route=\/wp\/v2\/posts\/7365\/revisions"}],"predecessor-version":[{"id":7367,"href":"https:\/\/partediario.com.ar\/index.php?rest_route=\/wp\/v2\/posts\/7365\/revisions\/7367"}],"wp:featuredmedia":[{"embeddable":true,"href":"https:\/\/partediario.com.ar\/index.php?rest_route=\/wp\/v2\/media\/7366"}],"wp:attachment":[{"href":"https:\/\/partediario.com.ar\/index.php?rest_route=%2Fwp%2Fv2%2Fmedia&parent=7365"}],"wp:term":[{"taxonomy":"category","embeddable":true,"href":"https:\/\/partediario.com.ar\/index.php?rest_route=%2Fwp%2Fv2%2Fcategories&post=7365"},{"taxonomy":"post_tag","embeddable":true,"href":"https:\/\/partediario.com.ar\/index.php?rest_route=%2Fwp%2Fv2%2Ftags&post=7365"}],"curies":[{"name":"wp","href":"https:\/\/api.w.org\/{rel}","templated":true}]}}