{"id":7370,"date":"2024-09-16T20:26:07","date_gmt":"2024-09-16T23:26:07","guid":{"rendered":"https:\/\/partediario.com.ar\/?p=7370"},"modified":"2024-09-17T11:07:07","modified_gmt":"2024-09-17T14:07:07","slug":"el-papa-francisco-recibio-a-pettovello-y-recibio-un-informe-sobre-pobreza-y-ayuda-social-en-argentina","status":"publish","type":"post","link":"https:\/\/partediario.com.ar\/?p=7370","title":{"rendered":"El Papa Francisco recibi\u00f3 a Pettovello y recibi\u00f3 un informe sobre pobreza y ayuda social en Argentina"},"content":{"rendered":"\n<h3 class=\"wp-block-heading\">El Papa Francisco recibi\u00f3 hoy en Roma a la ministra de Capital Humano, Sandra Pettovello, quien le present\u00f3 un informe sobre la actualidad en Argentina de las \u00e1reas que est\u00e1n bajo su \u00f3rbita, como Desarrollo Social, Trabajo y Ecucaci\u00f3n.<\/h3>\n\n\n\n<p>En la misma jornada en la que mantuvo una reuni\u00f3n con la conducci\u00f3n de la CGT, en horas de la ma\u00f1ana, por la tarde el sumo pont\u00edfice recibi\u00f3 a la funcionaria de estrecha relaci\u00f3n con Javier Milei en la residencia de Santa Marta, el Vaticano, y el encuentro se extendi\u00f3 por una hora.<\/p>\n\n\n\n<p>Tras detallarle cifras sobre pobreza y las pol\u00edticas de ayuda social de la gesti\u00f3n Milei, Pettovello, quien ya hab\u00eda estado con el Papa en febrero en el marco de una audiencia con Milei, se retir\u00f3 sin hacer declaraciones a la prensa.<\/p>\n\n\n\n<p>Se supo que al igual que en la reuni\u00f3n con la CGT se toc\u00f3 el tema de su posible visita a la Argentina este a\u00f1o, aunque Francisco tampoco aqu\u00ed dio precisiones sobre una fecha concreta.<\/p>\n\n\n\n<p>Si bien el Papa escuch\u00f3 este lunes de primera mano los datos de Pettovello, desde que se inici\u00f3 la gesti\u00f3n libertaria la ministra le gira peri\u00f3dicamente al m\u00e1ximo referente de la Iglesia Cat\u00f3lica informes sobre sus \u00e1reas de influencia, seg\u00fan se\u00f1al\u00f3 el propio Milei en entrevistas period\u00edsticas.<\/p>\n\n\n\n<p>El Santo Padre tiene previsto adem\u00e1s recibir en los pr\u00f3ximos d\u00edas al dirigente social kirchnerista Juan Grabois, quien viaj\u00f3 a Roma en calidad de miembro del Dicasterio de Desarrollo Humano e Integral, \u00abministerio\u00bb del Vaticano que este viernes llevar\u00e1 a cabo un evento para recordar los diez a\u00f1os del primer Encuentro Mundial de Movimientos Populares.<\/p>\n\n\n\n<p>Grabois tuvo varios cruces con Pettovello, adem\u00e1s est\u00e1n enfrentados judicialmente, en medio de las pol\u00edticas impulsadas por la funcionaria para eliminar intermediaci\u00f3n de las organizaciones sociales en lo que refiere a planes de asistencia y la limitaci\u00f3n de las protestas callejeras que incluyan piquetes, est\u00e1 \u00faltima en conjunto con el Ministerio de Seguridad de Patricia Bullrich.<\/p>\n","protected":false},"excerpt":{"rendered":"<p>Im\u00e1gen de archivo.<\/p>\n","protected":false},"author":2,"featured_media":7371,"comment_status":"open","ping_status":"open","sticky":false,"template":"","format":"standard","meta":{"footnotes":""},"categories":[5,176],"tags":[336,377],"class_list":["post-7370","post","type-post","status-publish","format-standard","has-post-thumbnail","hentry","category-nacionales","category-politica","tag-papa-francisco","tag-sandra-petovello"],"_links":{"self":[{"href":"https:\/\/partediario.com.ar\/index.php?rest_route=\/wp\/v2\/posts\/7370","targetHints":{"allow":["GET"]}}],"collection":[{"href":"https:\/\/partediario.com.ar\/index.php?rest_route=\/wp\/v2\/posts"}],"about":[{"href":"https:\/\/partediario.com.ar\/index.php?rest_route=\/wp\/v2\/types\/post"}],"author":[{"embeddable":true,"href":"https:\/\/partediario.com.ar\/index.php?rest_route=\/wp\/v2\/users\/2"}],"replies":[{"embeddable":true,"href":"https:\/\/partediario.com.ar\/index.php?rest_route=%2Fwp%2Fv2%2Fcomments&post=7370"}],"version-history":[{"count":1,"href":"https:\/\/partediario.com.ar\/index.php?rest_route=\/wp\/v2\/posts\/7370\/revisions"}],"predecessor-version":[{"id":7372,"href":"https:\/\/partediario.com.ar\/index.php?rest_route=\/wp\/v2\/posts\/7370\/revisions\/7372"}],"wp:featuredmedia":[{"embeddable":true,"href":"https:\/\/partediario.com.ar\/index.php?rest_route=\/wp\/v2\/media\/7371"}],"wp:attachment":[{"href":"https:\/\/partediario.com.ar\/index.php?rest_route=%2Fwp%2Fv2%2Fmedia&parent=7370"}],"wp:term":[{"taxonomy":"category","embeddable":true,"href":"https:\/\/partediario.com.ar\/index.php?rest_route=%2Fwp%2Fv2%2Fcategories&post=7370"},{"taxonomy":"post_tag","embeddable":true,"href":"https:\/\/partediario.com.ar\/index.php?rest_route=%2Fwp%2Fv2%2Ftags&post=7370"}],"curies":[{"name":"wp","href":"https:\/\/api.w.org\/{rel}","templated":true}]}}