{"id":7382,"date":"2024-09-17T10:54:07","date_gmt":"2024-09-17T13:54:07","guid":{"rendered":"https:\/\/partediario.com.ar\/?p=7382"},"modified":"2024-09-18T09:18:48","modified_gmt":"2024-09-18T12:18:48","slug":"tension-entre-el-gobierno-y-las-universidades-se-gesta-una-nueva-marcha","status":"publish","type":"post","link":"https:\/\/partediario.com.ar\/?p=7382","title":{"rendered":"Tensi\u00f3n entre el Gobierno y las universidades: se gesta una nueva marcha"},"content":{"rendered":"\n<h3 class=\"wp-block-heading\">Desde el Ejecutivo nacional destinar\u00edan al sector $3,8 billones, sin embargo, los rectores reclaman casi el doble. El Presupuesto 2025 que present\u00f3 Javier Milei en el Congreso genera un nuevo conflicto.<\/h3>\n\n\n\n<p>El conflicto entre el Gobierno nacional y las universidades p\u00fablicas se reaviva. Tras el anuncio del veto presidencial al presupuesto del sector votado en el Senado, el discurso que brind\u00f3 Javier Milei anoche en el Congreso desat\u00f3 el reclamo y se avisora el recrudecimiento del conflicto.<\/p>\n\n\n\n<p>De acuerdo al Presupuesto 2025 anunciado por Milei, se le asign\u00f3 a las instituciones cerca de la mitad de lo que vienen reclamando. Y como ya hab\u00edan adelantado d\u00edas atr\u00e1s, rectores y federaciones que nuclean a docentes y no docentes amenazan con una nueva marcha para octubre.<\/p>\n\n\n\n<p>De este modo, buscar\u00e1n presionar para que la c\u00e1mara de Diputados exija volver a votar la ley de presupuesto universitario para sortear de esta manera el veto de Milei.<\/p>\n\n\n\n<p>El Gobierno mantiene la suspensi\u00f3n del Fondo de Incentivo Docente y asigna la mitad de los recursos que exigen las universidades.<\/p>\n\n\n\n<p>En n\u00fameros, el Gobierno destinar\u00eda $3,8 billones a las universidades nacionales, mientras que el Consejo Interuniversitario Nacional (CIN) exije $7,2 billones.<\/p>\n\n\n\n<p>\u201cA la medianoche pudimos acceder a las planillas y hacer un an\u00e1lisis pormenorizado. Advertimos que hay una diferencia enorme y se explica, porque b\u00e1sicamente el Gobierno no contempla la recuperaci\u00f3n de los salarios\u00bb, se\u00f1al\u00f3 V\u00edctor Mori\u00f1igo, presidente del CIN y rector de la Universidad Nacional de San Luis.<\/p>\n\n\n\n<p>Y agreg\u00f3: \u00abNo hay intenci\u00f3n cierta de recomponer los salarios docentes y no docentes para al menos igualar la situaci\u00f3n de p\u00e9rdida frente a la inflaci\u00f3n. La \u00fanica certeza que surge de este presupuesto es que los docentes y no docentes en 2025 van a tener los mismos salarios que hoy, ni siquiera se contempla la inflaci\u00f3n, que se estim\u00f3 del 18%\u201d.<\/p>\n\n\n\n<p>Asimismo destac\u00f3 : \u00abEs por eso que esta tarde [por el lunes] nos reunimos con las federaciones y decidimos que el martes que viene, tras la reuni\u00f3n del CIN, anunciaremos las medidas a tomar: una nueva marcha para octubre, salvo que el Gobierno tienda una diagonal que permita modificar esta situaci\u00f3n, aunque lo vemos muy poco probable porque no vemos voluntad de dialogar\u201d.<\/p>\n\n\n\n<p>En lo que va del a\u00f1o, el Gobierno asign\u00f3 actualizaciones de partidas presupuestarias para gastos de funcionamiento. Vale destacar que los salarios de docentes, investigadores, directivos y personal administrativo no docente representan cerca del 85% del presupuesto universitario, mientras que los gastos de funcionamiento son un 5%.<\/p>\n\n\n\n<p>Desde el inicio de la gesti\u00f3n de Milei, los gremios universitarios consideran insuficientes dichas actualizaciones que otorg\u00f3 el Gobierno: un 4% en junio, un 9% para mayo, un 8% en abril, un 12% en marzo y en febrero, un 16%, seis puntos por encima de lo que marcaba la negociaci\u00f3n vigente en ese entonces. Posteriormente, sumaron un 7% de julio.<\/p>\n","protected":false},"excerpt":{"rendered":"<p>Desde el Ejecutivo nacional destinar&iacute;an al sector $3,8 billones, sin embargo, los rectores reclaman casi el doble. El Presupuesto 2025 que present&oacute; Javier Milei en el Congreso genera un nuevo conflicto. El conflicto entre el Gobierno nacional y las universidades p&uacute;blicas se reaviva. Tras el anuncio del veto presidencial al presupuesto del sector votado en [&hellip;]<\/p>\n","protected":false},"author":2,"featured_media":7383,"comment_status":"open","ping_status":"open","sticky":false,"template":"","format":"standard","meta":{"footnotes":""},"categories":[978,5,176],"tags":[224,232,971,1695,3290,3289],"class_list":["post-7382","post","type-post","status-publish","format-standard","has-post-thumbnail","hentry","category-gremiales","category-nacionales","category-politica","tag-gobierno","tag-javier-milei","tag-marcha","tag-nueva","tag-tension","tag-universidades"],"_links":{"self":[{"href":"https:\/\/partediario.com.ar\/index.php?rest_route=\/wp\/v2\/posts\/7382","targetHints":{"allow":["GET"]}}],"collection":[{"href":"https:\/\/partediario.com.ar\/index.php?rest_route=\/wp\/v2\/posts"}],"about":[{"href":"https:\/\/partediario.com.ar\/index.php?rest_route=\/wp\/v2\/types\/post"}],"author":[{"embeddable":true,"href":"https:\/\/partediario.com.ar\/index.php?rest_route=\/wp\/v2\/users\/2"}],"replies":[{"embeddable":true,"href":"https:\/\/partediario.com.ar\/index.php?rest_route=%2Fwp%2Fv2%2Fcomments&post=7382"}],"version-history":[{"count":1,"href":"https:\/\/partediario.com.ar\/index.php?rest_route=\/wp\/v2\/posts\/7382\/revisions"}],"predecessor-version":[{"id":7384,"href":"https:\/\/partediario.com.ar\/index.php?rest_route=\/wp\/v2\/posts\/7382\/revisions\/7384"}],"wp:featuredmedia":[{"embeddable":true,"href":"https:\/\/partediario.com.ar\/index.php?rest_route=\/wp\/v2\/media\/7383"}],"wp:attachment":[{"href":"https:\/\/partediario.com.ar\/index.php?rest_route=%2Fwp%2Fv2%2Fmedia&parent=7382"}],"wp:term":[{"taxonomy":"category","embeddable":true,"href":"https:\/\/partediario.com.ar\/index.php?rest_route=%2Fwp%2Fv2%2Fcategories&post=7382"},{"taxonomy":"post_tag","embeddable":true,"href":"https:\/\/partediario.com.ar\/index.php?rest_route=%2Fwp%2Fv2%2Ftags&post=7382"}],"curies":[{"name":"wp","href":"https:\/\/api.w.org\/{rel}","templated":true}]}}