{"id":7385,"date":"2024-09-17T10:59:00","date_gmt":"2024-09-17T13:59:00","guid":{"rendered":"https:\/\/partediario.com.ar\/?p=7385"},"modified":"2024-09-18T09:18:38","modified_gmt":"2024-09-18T12:18:38","slug":"protesta-por-alimentos-y-jubilaciones-frente-al-ministerio-de-capital-humano","status":"publish","type":"post","link":"https:\/\/partediario.com.ar\/?p=7385","title":{"rendered":"Protesta por alimentos y jubilaciones frente al ministerio de Capital Humano"},"content":{"rendered":"\n<h3 class=\"wp-block-heading\">Militantes de la UTEP se concentrar\u00e1n en el Ministerio que encabeza la cuestionada Sandra Pettovello.<\/h3>\n\n\n\n<p>La Uni\u00f3n Trabajadores de la Econom\u00eda Popular (UTEP) convoc\u00f3 para este martes a una protesta frente al edificio del Ministerio de Capital Humano con el fin de reclamar por alimentos y jubilaciones.<\/p>\n\n\n\n<p>\u00abNos siguen pegando abajo. Vamos por los alimentos, salud y jubilaci\u00f3n\u00bb, expres\u00f3 la agrupaci\u00f3n en sus redes sociales al anunciar la convocatoria prevista para las 10 de este martes.<\/p>\n\n\n\n<p>Desde la UTEP se indic\u00f1o: \u00abEste martes 17 los trabajadores de la econom\u00eda popular nos concentramos frente al Ministerio de Capital Humano para exigir que dejen de ajustar a los que menos tienen\u00bb.<\/p>\n\n\n\n<p>La ministra del \u00e1rea, Sandra Pettovello, regresaba al pa\u00eds tras su viaje a Roma, Italia, donde este lunes fue recibida por el Papa Francisco.<\/p>\n\n\n\n<p>Vale recordar que unas horas antes, el Santo Padre tambi\u00e9n recibi\u00f3 a Alejandro Gramajo, secretario general de la UTEP, en el marco del encuentro con dirigentes sindicales de la CGT.<\/p>\n","protected":false},"excerpt":{"rendered":"<p>Militantes de la UTEP se concentrar&aacute;n en el Ministerio que encabeza la cuestionada Sandra Pettovello. La Uni&oacute;n Trabajadores de la Econom&iacute;a Popular (UTEP) convoc&oacute; para este martes a una protesta frente al edificio del Ministerio de Capital Humano con el fin de reclamar por alimentos y jubilaciones. &laquo;Nos siguen pegando abajo. Vamos por los alimentos, [&hellip;]<\/p>\n","protected":false},"author":2,"featured_media":7386,"comment_status":"open","ping_status":"open","sticky":false,"template":"","format":"standard","meta":{"footnotes":""},"categories":[5,176],"tags":[3292,756,377,1169],"class_list":["post-7385","post","type-post","status-publish","format-standard","has-post-thumbnail","hentry","category-nacionales","category-politica","tag-ministerio-de-capital-humano","tag-protesta","tag-sandra-petovello","tag-utep"],"_links":{"self":[{"href":"https:\/\/partediario.com.ar\/index.php?rest_route=\/wp\/v2\/posts\/7385","targetHints":{"allow":["GET"]}}],"collection":[{"href":"https:\/\/partediario.com.ar\/index.php?rest_route=\/wp\/v2\/posts"}],"about":[{"href":"https:\/\/partediario.com.ar\/index.php?rest_route=\/wp\/v2\/types\/post"}],"author":[{"embeddable":true,"href":"https:\/\/partediario.com.ar\/index.php?rest_route=\/wp\/v2\/users\/2"}],"replies":[{"embeddable":true,"href":"https:\/\/partediario.com.ar\/index.php?rest_route=%2Fwp%2Fv2%2Fcomments&post=7385"}],"version-history":[{"count":1,"href":"https:\/\/partediario.com.ar\/index.php?rest_route=\/wp\/v2\/posts\/7385\/revisions"}],"predecessor-version":[{"id":7387,"href":"https:\/\/partediario.com.ar\/index.php?rest_route=\/wp\/v2\/posts\/7385\/revisions\/7387"}],"wp:featuredmedia":[{"embeddable":true,"href":"https:\/\/partediario.com.ar\/index.php?rest_route=\/wp\/v2\/media\/7386"}],"wp:attachment":[{"href":"https:\/\/partediario.com.ar\/index.php?rest_route=%2Fwp%2Fv2%2Fmedia&parent=7385"}],"wp:term":[{"taxonomy":"category","embeddable":true,"href":"https:\/\/partediario.com.ar\/index.php?rest_route=%2Fwp%2Fv2%2Fcategories&post=7385"},{"taxonomy":"post_tag","embeddable":true,"href":"https:\/\/partediario.com.ar\/index.php?rest_route=%2Fwp%2Fv2%2Ftags&post=7385"}],"curies":[{"name":"wp","href":"https:\/\/api.w.org\/{rel}","templated":true}]}}