{"id":7391,"date":"2024-09-17T11:11:55","date_gmt":"2024-09-17T14:11:55","guid":{"rendered":"https:\/\/partediario.com.ar\/?p=7391"},"modified":"2024-09-18T09:18:32","modified_gmt":"2024-09-18T12:18:32","slug":"sadir-participo-de-la-apertura-del-mural-fotografico-de-presidentes-del-maximo-cuerpo-de-justicia-provincial","status":"publish","type":"post","link":"https:\/\/partediario.com.ar\/?p=7391","title":{"rendered":"Sadir particip\u00f3 de la apertura del mural fotogr\u00e1fico de presidentes del m\u00e1ximo cuerpo de justicia provincial"},"content":{"rendered":"\n<h3 class=\"wp-block-heading\">El gobernador de Jujuy, Carlos Sadir particip\u00f3 de la inauguraci\u00f3n de la galer\u00eda fotogr\u00e1fica en homenaje a los presidentes del Superior Tribunal de Justicia, actual Suprema Corte de Justicia de Jujuy, desde el retorno de la democracia a la fecha.<\/h3>\n\n\n\n<p>El evento protocolar se desarroll\u00f3 en sal\u00f3n \u201cV\u00e9lez Sarsfield\u201d del edificio de tribunales con presencia del presidente de la SCJ, Ekel Meyer, los miembros del m\u00e1ximo cuerpo de justicia provincial, funcionarios judiciales y autoridades del Colegio de Magistrados. Tambi\u00e9n fue parte del acto el ministro de Gobierno, Justicia, Derechos Humanos y Trabajo, Normando \u00c1lvarez Garc\u00eda.<\/p>\n\n\n\n<p><\/p>\n\n\n\n<figure class=\"wp-block-image size-large\"><img loading=\"lazy\" decoding=\"async\" width=\"1024\" height=\"683\" src=\"https:\/\/partediario.com.ar\/wp-content\/uploads\/whatsapp-image-2024-09-16-at-130125jpeg-1024x683.webp\" alt=\"\" class=\"wp-image-7393\" srcset=\"https:\/\/partediario.com.ar\/wp-content\/uploads\/whatsapp-image-2024-09-16-at-130125jpeg-1024x683.webp 1024w, https:\/\/partediario.com.ar\/wp-content\/uploads\/whatsapp-image-2024-09-16-at-130125jpeg-300x200.webp 300w, https:\/\/partediario.com.ar\/wp-content\/uploads\/whatsapp-image-2024-09-16-at-130125jpeg-768x512.webp 768w, https:\/\/partediario.com.ar\/wp-content\/uploads\/whatsapp-image-2024-09-16-at-130125jpeg.webp 1200w\" sizes=\"auto, (max-width: 1024px) 100vw, 1024px\" \/><\/figure>\n\n\n\n<p><\/p>\n\n\n\n<p>Durante el acto, Meyer indic\u00f3 que la iniciativa busca rememorar los 40 a\u00f1os de democracia en Argentina y \u201chomenajear a todos los expresidentes de la Suprema Corte de Justicia y el Superior Tribunal de Justicia\u201d, como tambi\u00e9n a \u201ctodos los magistrados y empleados que llevaron adelante esta dif\u00edcil tarea de ejercer justicia\u201d.<\/p>\n\n\n\n<p>Por \u00faltimo, Meyer cit\u00f3 al jurista y fil\u00f3sofo espa\u00f1ol Antonio Enrique, subrayando que \u201cla independencia judicial no es un privilegio de los jueces, sino un derecho fundamental de los ciudadanos\u201d. En ese sentido, a\u00f1adi\u00f3: \u201cSomos nosotros y los hombres y mujeres que constituyen en Poder Judicial los que debemos garantizar el cumplimiento de los derechos\u201d. El denominado \u201cSal\u00f3n de los Presidentes\u201d est\u00e1 montado en el s\u00e9ptimo piso del edificio de Tribunales.<\/p>\n","protected":false},"excerpt":{"rendered":"<p>El gobernador de Jujuy, Carlos Sadir particip&oacute; de la inauguraci&oacute;n de la galer&iacute;a fotogr&aacute;fica en homenaje a los presidentes del Superior Tribunal de Justicia, actual Suprema Corte de Justicia de Jujuy, desde el retorno de la democracia a la fecha. El evento protocolar se desarroll&oacute; en sal&oacute;n &ldquo;V&eacute;lez Sarsfield&rdquo; del edificio de tribunales con presencia [&hellip;]<\/p>\n","protected":false},"author":2,"featured_media":7392,"comment_status":"open","ping_status":"open","sticky":false,"template":"","format":"standard","meta":{"footnotes":""},"categories":[979,5],"tags":[2530,3297,753,772,3295,3252,225],"class_list":["post-7391","post","type-post","status-publish","format-standard","has-post-thumbnail","hentry","category-judiciales","category-nacionales","tag-carlos-sadir","tag-ekel-meyer","tag-jujuy","tag-justicia","tag-mural","tag-normando-alvarez-garcia","tag-provincial"],"_links":{"self":[{"href":"https:\/\/partediario.com.ar\/index.php?rest_route=\/wp\/v2\/posts\/7391","targetHints":{"allow":["GET"]}}],"collection":[{"href":"https:\/\/partediario.com.ar\/index.php?rest_route=\/wp\/v2\/posts"}],"about":[{"href":"https:\/\/partediario.com.ar\/index.php?rest_route=\/wp\/v2\/types\/post"}],"author":[{"embeddable":true,"href":"https:\/\/partediario.com.ar\/index.php?rest_route=\/wp\/v2\/users\/2"}],"replies":[{"embeddable":true,"href":"https:\/\/partediario.com.ar\/index.php?rest_route=%2Fwp%2Fv2%2Fcomments&post=7391"}],"version-history":[{"count":1,"href":"https:\/\/partediario.com.ar\/index.php?rest_route=\/wp\/v2\/posts\/7391\/revisions"}],"predecessor-version":[{"id":7394,"href":"https:\/\/partediario.com.ar\/index.php?rest_route=\/wp\/v2\/posts\/7391\/revisions\/7394"}],"wp:featuredmedia":[{"embeddable":true,"href":"https:\/\/partediario.com.ar\/index.php?rest_route=\/wp\/v2\/media\/7392"}],"wp:attachment":[{"href":"https:\/\/partediario.com.ar\/index.php?rest_route=%2Fwp%2Fv2%2Fmedia&parent=7391"}],"wp:term":[{"taxonomy":"category","embeddable":true,"href":"https:\/\/partediario.com.ar\/index.php?rest_route=%2Fwp%2Fv2%2Fcategories&post=7391"},{"taxonomy":"post_tag","embeddable":true,"href":"https:\/\/partediario.com.ar\/index.php?rest_route=%2Fwp%2Fv2%2Ftags&post=7391"}],"curies":[{"name":"wp","href":"https:\/\/api.w.org\/{rel}","templated":true}]}}