{"id":7408,"date":"2024-09-17T20:27:34","date_gmt":"2024-09-17T23:27:34","guid":{"rendered":"https:\/\/partediario.com.ar\/?p=7408"},"modified":"2024-09-18T09:18:11","modified_gmt":"2024-09-18T12:18:11","slug":"noche-de-eclipse-parcial-de-super-luna-un-espectaculo-celestial-que-se-podra-ver-en-argentina","status":"publish","type":"post","link":"https:\/\/partediario.com.ar\/?p=7408","title":{"rendered":"Noche de eclipse parcial de S\u00faper Luna: un espect\u00e1culo celestial que se podr\u00e1 ver en Argentina"},"content":{"rendered":"\n<h3 class=\"wp-block-heading\">A partir de esta noche, en la Argentina, al igual que en la mayor parte de Am\u00e9rica, Europa y \u00c1frica, se podr\u00e1 disfrutar de un peque\u00f1o eclipse parcial de Luna.<\/h3>\n\n\n\n<p>Durante el fen\u00f3meno, que fue dado a conocer como \u00abS\u00faper Luna\u00bb, el sat\u00e9lite natural ser\u00e1 cubierto por la sombra del planeta Tierra.<\/p>\n\n\n\n<p>El evento, que coincide con la luna llena, puede ser observado a simple vista y sin ning\u00fan peligro para los ojos y se trata del \u00faltimo gran evento astron\u00f3mico de este a\u00f1o.<\/p>\n\n\n\n<p>Seg\u00fan informaci\u00f3n brindada por la NASA (Administraci\u00f3n Nacional de Aeron\u00e1utica y el Espacio), de los Estados Unidos, se le dice \u00abS\u00faper Luna\u00bb porque se trata del momento en que este sat\u00e9lite natural \u00abest\u00e1 en o cerca de su punto m\u00e1s cercano a la Tierra al mismo tiempo que est\u00e1 llena\u00bb.<\/p>\n\n\n\n<p>Desde la Argentina, el eclipse se podr\u00e1 ver desde cualquier punto del territorio. Seg\u00fan el sitio Time and Date, este iniciar\u00e1 a las 21.41, ya que se trata del momento en que la penumbra de la Tierra alcanza a la Luna, mientras que finaliza en la madrugada del mi\u00e9rcoles 18.<\/p>\n\n\n\n<p>En tanto, el mejor momento para observar este fen\u00f3meno es en la noche del martes 17, puesto que alcanzar\u00e1 su m\u00e1ximo punto de cobertura a las 23:44.<\/p>\n\n\n\n<p>El fen\u00f3meno ser\u00e1 sumamente especial porque tendr\u00e1 una duraci\u00f3n de cuatro horas, lo que es anormal para este tipo de acontecimientos. Normalmente, los eclipses transcurren en alrededor de una hora.<\/p>\n\n\n\n<p>El Planetario Galileo Galilei se\u00f1al\u00f3 en su cuenta de X que \u00abel fen\u00f3meno comenzar\u00e1 poco antes de la medianoche, y si bien ser\u00e1 muy modesto, valdr\u00e1 la pena observarlo. Aunque es posible que ya notemos un ligero oscurecimiento un rato antes (al final de la etapa penumbral, que es poco relevante), la Luna ingresar\u00e1 en la umbra terrestre a las 23:13 h. El m\u00e1ximo del eclipse ocurrir\u00e1 a las 23:44, cuando la sombra terrestre cubra apenas el 8,5% del di\u00e1metro lunar. Una suerte de \u00b4mordisco\u00b4\u00bb.<\/p>\n\n\n\n<p>\u00abFinalmente, la Luna saldr\u00e1 de la umbra a las 00:15 (ya entrando en el 18), dando por finalizada la etapa m\u00e1s relevante del eclipse\u00bb, continu\u00f3 en su explicaci\u00f3n.<\/p>\n","protected":false},"excerpt":{"rendered":"<p>A partir de esta noche, en la Argentina, al igual que en la mayor parte de Am&eacute;rica, Europa y &Aacute;frica, se podr&aacute; disfrutar de un peque&ntilde;o eclipse parcial de Luna. Durante el fen&oacute;meno, que fue dado a conocer como &laquo;S&uacute;per Luna&raquo;, el sat&eacute;lite natural ser&aacute; cubierto por la sombra del planeta Tierra. El evento, que [&hellip;]<\/p>\n","protected":false},"author":2,"featured_media":7409,"comment_status":"open","ping_status":"open","sticky":false,"template":"","format":"standard","meta":{"footnotes":""},"categories":[5,726],"tags":[3306,3308,3309],"class_list":["post-7408","post","type-post","status-publish","format-standard","has-post-thumbnail","hentry","category-nacionales","category-sociedad","tag-eclipse","tag-parcial","tag-super"],"_links":{"self":[{"href":"https:\/\/partediario.com.ar\/index.php?rest_route=\/wp\/v2\/posts\/7408","targetHints":{"allow":["GET"]}}],"collection":[{"href":"https:\/\/partediario.com.ar\/index.php?rest_route=\/wp\/v2\/posts"}],"about":[{"href":"https:\/\/partediario.com.ar\/index.php?rest_route=\/wp\/v2\/types\/post"}],"author":[{"embeddable":true,"href":"https:\/\/partediario.com.ar\/index.php?rest_route=\/wp\/v2\/users\/2"}],"replies":[{"embeddable":true,"href":"https:\/\/partediario.com.ar\/index.php?rest_route=%2Fwp%2Fv2%2Fcomments&post=7408"}],"version-history":[{"count":1,"href":"https:\/\/partediario.com.ar\/index.php?rest_route=\/wp\/v2\/posts\/7408\/revisions"}],"predecessor-version":[{"id":7410,"href":"https:\/\/partediario.com.ar\/index.php?rest_route=\/wp\/v2\/posts\/7408\/revisions\/7410"}],"wp:featuredmedia":[{"embeddable":true,"href":"https:\/\/partediario.com.ar\/index.php?rest_route=\/wp\/v2\/media\/7409"}],"wp:attachment":[{"href":"https:\/\/partediario.com.ar\/index.php?rest_route=%2Fwp%2Fv2%2Fmedia&parent=7408"}],"wp:term":[{"taxonomy":"category","embeddable":true,"href":"https:\/\/partediario.com.ar\/index.php?rest_route=%2Fwp%2Fv2%2Fcategories&post=7408"},{"taxonomy":"post_tag","embeddable":true,"href":"https:\/\/partediario.com.ar\/index.php?rest_route=%2Fwp%2Fv2%2Ftags&post=7408"}],"curies":[{"name":"wp","href":"https:\/\/api.w.org\/{rel}","templated":true}]}}