{"id":7415,"date":"2024-09-18T08:52:15","date_gmt":"2024-09-18T11:52:15","guid":{"rendered":"https:\/\/partediario.com.ar\/?p=7415"},"modified":"2024-09-19T09:18:16","modified_gmt":"2024-09-19T12:18:16","slug":"cual-es-su-nuevo-cargo-de-adorni","status":"publish","type":"post","link":"https:\/\/partediario.com.ar\/?p=7415","title":{"rendered":"\u00bfCu\u00e1l es su nuevo cargo de Adorni?"},"content":{"rendered":"\n<h3 class=\"wp-block-heading\">El vocero presidencial depender\u00e1 directamente de Javier Milei seg\u00fan el nuevo cargo al que accedi\u00f3 y que se dio a conocer por medio del decreto 834 publicado este mi\u00e9rcoles en el Bolet\u00edn Oficial.<\/h3>\n\n\n\n<p>El vocero presidencial, Manuel Adorni, es el nuevo titular de la Secretar\u00eda de Comunicaci\u00f3n y Medios, por lo cual depender\u00e1 directamente del presidente Javier Milei.<\/p>\n\n\n\n<p>La medida fue oficilizada por el Gobierno a trav\u00e9s del decreto 834 publicado este mi\u00e9rcoles en el Bolet\u00edn Oficial en el cual adem\u00e1s detalla el nuevo cambio en la Ley de Ministerios.<\/p>\n\n\n\n<p>Seg\u00fan el decreto, la Secretar\u00eda de Comunicaci\u00f3n y Medios se incorpora a la \u00f3rbita de la Presidencia de la Naci\u00f3n y en los considerandos de la medida se indic\u00f3 que los cambios se deben a \u201crazones de gesti\u00f3n\u201d.<\/p>\n\n\n\n<p>Adem\u00e1s se inform\u00f3 que esta modificaci\u00f3n eleva a seis las \u00e1reas con rango ministerial bajo la direcci\u00f3n de Milei, entre las que se destaca el nombramiento de Adorni que se suma a Karina Milei, secretaria general de la Presidencia, Javier Herrera Bravo en Legal y T\u00e9cnica, Eduardo Serenellini en Prensa y Sergio Neiffert, a cargo de la SIDE.<\/p>\n\n\n\n<p>El decreto aclara que cada titular tendr\u00e1 rango y jerarqu\u00eda de ministro, un ajuste que busca optimizar el funcionamiento del Poder Ejecutivo y, seg\u00fan el mismo, las secretar\u00edas presidenciales encargadas de asistir al Presidente en su gesti\u00f3n incluyen las siguientes \u00e1reas:<\/p>\n\n\n\n<p>General: Karina Milei<br>Legal y T\u00e9cnica: Javier Herrera Bravo<br>Planeamiento Estrat\u00e9gico Normativo: Mar\u00eda Ibarzabal Murphy<br>Prensa: Eduardo Serenellini<br>Inteligencia de Estado: Sergio Neiffert<br>Comunicaci\u00f3n y Medios: Manuel Adorni<\/p>\n","protected":false},"excerpt":{"rendered":"<p>El vocero presidencial depender&aacute; directamente de Javier Milei seg&uacute;n el nuevo cargo al que accedi&oacute; y que se dio a conocer por medio del decreto 834 publicado este mi&eacute;rcoles en el Bolet&iacute;n Oficial. El vocero presidencial, Manuel Adorni, es el nuevo titular de la Secretar&iacute;a de Comunicaci&oacute;n y Medios, por lo cual depender&aacute; directamente del [&hellip;]<\/p>\n","protected":false},"author":2,"featured_media":7416,"comment_status":"open","ping_status":"open","sticky":false,"template":"","format":"standard","meta":{"footnotes":""},"categories":[5,176],"tags":[232,646,3312],"class_list":["post-7415","post","type-post","status-publish","format-standard","has-post-thumbnail","hentry","category-nacionales","category-politica","tag-javier-milei","tag-manuel-adorni","tag-secretaria-de-comunicacion-y-medios"],"_links":{"self":[{"href":"https:\/\/partediario.com.ar\/index.php?rest_route=\/wp\/v2\/posts\/7415","targetHints":{"allow":["GET"]}}],"collection":[{"href":"https:\/\/partediario.com.ar\/index.php?rest_route=\/wp\/v2\/posts"}],"about":[{"href":"https:\/\/partediario.com.ar\/index.php?rest_route=\/wp\/v2\/types\/post"}],"author":[{"embeddable":true,"href":"https:\/\/partediario.com.ar\/index.php?rest_route=\/wp\/v2\/users\/2"}],"replies":[{"embeddable":true,"href":"https:\/\/partediario.com.ar\/index.php?rest_route=%2Fwp%2Fv2%2Fcomments&post=7415"}],"version-history":[{"count":1,"href":"https:\/\/partediario.com.ar\/index.php?rest_route=\/wp\/v2\/posts\/7415\/revisions"}],"predecessor-version":[{"id":7417,"href":"https:\/\/partediario.com.ar\/index.php?rest_route=\/wp\/v2\/posts\/7415\/revisions\/7417"}],"wp:featuredmedia":[{"embeddable":true,"href":"https:\/\/partediario.com.ar\/index.php?rest_route=\/wp\/v2\/media\/7416"}],"wp:attachment":[{"href":"https:\/\/partediario.com.ar\/index.php?rest_route=%2Fwp%2Fv2%2Fmedia&parent=7415"}],"wp:term":[{"taxonomy":"category","embeddable":true,"href":"https:\/\/partediario.com.ar\/index.php?rest_route=%2Fwp%2Fv2%2Fcategories&post=7415"},{"taxonomy":"post_tag","embeddable":true,"href":"https:\/\/partediario.com.ar\/index.php?rest_route=%2Fwp%2Fv2%2Ftags&post=7415"}],"curies":[{"name":"wp","href":"https:\/\/api.w.org\/{rel}","templated":true}]}}