{"id":7423,"date":"2024-09-18T09:12:29","date_gmt":"2024-09-18T12:12:29","guid":{"rendered":"https:\/\/partediario.com.ar\/?p=7423"},"modified":"2024-09-19T09:17:31","modified_gmt":"2024-09-19T12:17:31","slug":"un-comentario-fuera-de-lugar-de-alberto-samid-sobre-maria-eugenia-vidal-genero-fuerte-polemica-en-las-redes","status":"publish","type":"post","link":"https:\/\/partediario.com.ar\/?p=7423","title":{"rendered":"Un comentario fuera de lugar de Alberto Samid sobre Mar\u00eda Eugenia Vidal gener\u00f3 fuerte pol\u00e9mica en las redes"},"content":{"rendered":"\n<h3 class=\"wp-block-heading\">El empresario de la carne insinu\u00f3 en redes sociales que la diputada nacional y ex gobernadora estaba algo excedida de peso y desat\u00f3 una pol\u00e9mica en las redes sociales.<\/h3>\n\n\n\n<p>Alberto Samid, el &#8216;rey de la carne&#8217;, public\u00f3 en su cuenta de X una foto de Mar\u00eda Eugenia Vidal con una frase de doble sentido: \u00abCuando dijeron que se iban a terminar todos los \u00f1oquis hablaban muy en serio\u00bb.<\/p>\n\n\n\n<p><\/p>\n\n\n\n<blockquote class=\"twitter-tweet\"><p lang=\"es\" dir=\"ltr\">Gobern\u00e9 la Provincia m\u00e1s importante del pa\u00eds y lo \u201cmejor\u201d que tienen para pegarme es mi peso??<br><br>Yo que ustedes invertir\u00eda m\u00e1s tiempo en defenderse en la justicia, y menos en opinar sobre mi cuerpo. Saludos. <a href=\"https:\/\/t.co\/eSXvXWuyOo\">https:\/\/t.co\/eSXvXWuyOo<\/a><\/p>&mdash; Mar\u00eda Eugenia Vidal (@mariuvidal) <a href=\"https:\/\/twitter.com\/mariuvidal\/status\/1835759374499008771?ref_src=twsrc%5Etfw\">September 16, 2024<\/a><\/blockquote> <script async src=\"https:\/\/platform.twitter.com\/widgets.js\" charset=\"utf-8\"><\/script>\n\n\n\n<p><\/p>\n\n\n\n<p>La publicaci\u00f3n hace referencia a la promesa del PRO y de los libertarios de reducir el gasto p\u00fablico eliminando a los llamados \u201c\u00f1oquis\u201d de la administraci\u00f3n p\u00fablica. Pero la frase no es inocente, ya que se trata de una cr\u00edtica al cuerpo de Vidal, quien \u201cse habr\u00eda comido los \u00f1oquis\u201d.<\/p>\n\n\n\n<p>Este ataque gener\u00f3 una oleada de respuestas en X, y la propia Vidal se ocup\u00f3 de responderle a Samid: \u201c\u00bfGobern\u00e9 la provincia m\u00e1s importante del pa\u00eds y lo \u2018mejor\u2019 que tienen para pegarme es mi peso? Yo que ustedes invertir\u00eda m\u00e1s tiempo en defenderse en la Justicia, y menos en opinar sobre mi cuerpo. Saludos\u201d.<\/p>\n\n\n\n<p>La ex gobernadora adem\u00e1s hizo referencia a los problemas judiciales que enfrenta Samid, quien lejos de pedir perd\u00f3n intent\u00f3 justificar su mensaje con una nueva agresi\u00f3n: \u201cSi hay alguien a quien le han pegado por su peso ese soy yo. Y adem\u00e1s no estaba hablando de vos. Estaba hablando de otras personas que estaban en la foto pero no se ven, porque las est\u00e1s tapando\u201d, expres\u00f3 volviendo a criticar el estado f\u00edsico de Vidal.<\/p>\n\n\n\n<p>\u201cAlberto, lo tuyo es de una bajeza tremenda. Te mando un abrazo\u201d, respondi\u00f3 Vidal en un intento de poner fin a la pol\u00e9mica.<\/p>\n","protected":false},"excerpt":{"rendered":"<p>El empresario de la carne insinu&oacute; en redes sociales que la diputada nacional y ex gobernadora estaba algo excedida de peso y desat&oacute; una pol&eacute;mica en las redes sociales. Alberto Samid, el &lsquo;rey de la carne&rsquo;, public&oacute; en su cuenta de X una foto de Mar&iacute;a Eugenia Vidal con una frase de doble sentido: &laquo;Cuando [&hellip;]<\/p>\n","protected":false},"author":2,"featured_media":7424,"comment_status":"open","ping_status":"open","sticky":false,"template":"","format":"standard","meta":{"footnotes":""},"categories":[5,176],"tags":[3315,3316,599,2512],"class_list":["post-7423","post","type-post","status-publish","format-standard","has-post-thumbnail","hentry","category-nacionales","category-politica","tag-alberto-samid","tag-frase","tag-maria-eugenia-vidal","tag-polemica"],"_links":{"self":[{"href":"https:\/\/partediario.com.ar\/index.php?rest_route=\/wp\/v2\/posts\/7423","targetHints":{"allow":["GET"]}}],"collection":[{"href":"https:\/\/partediario.com.ar\/index.php?rest_route=\/wp\/v2\/posts"}],"about":[{"href":"https:\/\/partediario.com.ar\/index.php?rest_route=\/wp\/v2\/types\/post"}],"author":[{"embeddable":true,"href":"https:\/\/partediario.com.ar\/index.php?rest_route=\/wp\/v2\/users\/2"}],"replies":[{"embeddable":true,"href":"https:\/\/partediario.com.ar\/index.php?rest_route=%2Fwp%2Fv2%2Fcomments&post=7423"}],"version-history":[{"count":1,"href":"https:\/\/partediario.com.ar\/index.php?rest_route=\/wp\/v2\/posts\/7423\/revisions"}],"predecessor-version":[{"id":7425,"href":"https:\/\/partediario.com.ar\/index.php?rest_route=\/wp\/v2\/posts\/7423\/revisions\/7425"}],"wp:featuredmedia":[{"embeddable":true,"href":"https:\/\/partediario.com.ar\/index.php?rest_route=\/wp\/v2\/media\/7424"}],"wp:attachment":[{"href":"https:\/\/partediario.com.ar\/index.php?rest_route=%2Fwp%2Fv2%2Fmedia&parent=7423"}],"wp:term":[{"taxonomy":"category","embeddable":true,"href":"https:\/\/partediario.com.ar\/index.php?rest_route=%2Fwp%2Fv2%2Fcategories&post=7423"},{"taxonomy":"post_tag","embeddable":true,"href":"https:\/\/partediario.com.ar\/index.php?rest_route=%2Fwp%2Fv2%2Ftags&post=7423"}],"curies":[{"name":"wp","href":"https:\/\/api.w.org\/{rel}","templated":true}]}}