{"id":7437,"date":"2024-09-18T17:04:20","date_gmt":"2024-09-18T20:04:20","guid":{"rendered":"https:\/\/partediario.com.ar\/?p=7437"},"modified":"2024-09-19T09:17:51","modified_gmt":"2024-09-19T12:17:51","slug":"la-deuda-del-estado-nacional-record-de-us-455-935-millones-en-agosto","status":"publish","type":"post","link":"https:\/\/partediario.com.ar\/?p=7437","title":{"rendered":"La deuda del Estado nacional r\u00e9cord de US$ 455.935 millones en agosto"},"content":{"rendered":"\n<h3 class=\"wp-block-heading\">La deuda en situaci\u00f3n de pago normal subi\u00f3 a la cifra record de US$ 455.935 millones en agosto, lo que represent\u00f3 un aumento de US$ 6.318 millones respecto a julio, as\u00ed lo inform\u00f3 la secretar\u00eda de Finanzas.<\/h3>\n\n\n\n<p>Cuando asumi\u00f3 Javier Milei la presidencia de la naci\u00f3n en diciembre del 2023, la deuda en situaci\u00f3n normal de pago alcanzaba a 368.225 millones. A estos se le agregaron los compromisos con los exportadores que dej\u00f3 el gobierno de Alberto Fern\u00e1ndez, y el traspaso de la deuda que manten\u00eda el Banco Central con los bancos.<\/p>\n\n\n\n<p><\/p>\n\n\n\n<figure class=\"wp-block-image size-large\"><img loading=\"lazy\" decoding=\"async\" width=\"1024\" height=\"510\" src=\"https:\/\/partediario.com.ar\/wp-content\/uploads\/720-3-1024x510.webp\" alt=\"\" class=\"wp-image-7438\" srcset=\"https:\/\/partediario.com.ar\/wp-content\/uploads\/720-3-1024x510.webp 1024w, https:\/\/partediario.com.ar\/wp-content\/uploads\/720-3-300x149.webp 300w, https:\/\/partediario.com.ar\/wp-content\/uploads\/720-3-768x382.webp 768w, https:\/\/partediario.com.ar\/wp-content\/uploads\/720-3.webp 1280w\" sizes=\"auto, (max-width: 1024px) 100vw, 1024px\" \/><figcaption class=\"wp-element-caption\"><strong>Deuda en situaci\u00f3n normal de pago &#8211; Fuente: Secretar\u00eda de Finanzas<\/strong><\/figcaption><\/figure>\n\n\n\n<p><\/p>\n\n\n\n<p>En este contexto, la deuda entre diciembre y agosto se increment\u00f3 en US$ 87.710, a un promedio de US$ 7.309 millones por mes, hasta alcanzar al 75% del Producto Bruto Interno Argentino (PIB).<\/p>\n\n\n\n<p>La deuda que se ajusta por inflaci\u00f3n (CER) alcanz\u00f3 al equivalente a US$ 123.633 millones, el 26,97% del total, mientras que la que mantiene el Estado Nacional con el Fondo Monetario Internacional (FMI), es un tercio de aquella, ya que suma US$ 41.880 millones.<\/p>\n\n\n\n<p>El gobierno de Javier Milei busca lograr un nuevo acuerdo con el FMI que le permita, al menos, postergar el pago de US$ 3.037 millones que debe abonar el a\u00f1o pr\u00f3ximo, cuando enfrente compromisos por US$ 23.792 millones, de acuerdo a cifras oficiales.<\/p>\n\n\n\n<p>En los \u00faltimos 12 meses, el stock de deuda bruta en situaci\u00f3n de pago normal se increment\u00f3 por el equivalente a US$ 62.666 millones, a un promedio de US$ 5.22 millones al mes, debido a la disminuci\u00f3n de los compromisos en moneda extranjera en US$ 10.604 millones y al incremento de la nomina en pesos local por US$ 73.270 millones.<\/p>\n\n\n\n<p>Solo en agosto, la suba del 1,41% de los compromisos a pagar se explica por el incremento de la deuda en moneda extranjera en US$ 1.326 millones y el aumento de los compromisos en moneda local por un monto equivalente en d\u00f3lares de US$ 4.992 millones.<\/p>\n","protected":false},"excerpt":{"rendered":"<p>La deuda en situaci&oacute;n de pago normal subi&oacute; a la cifra record de US$ 455.935 millones en agosto, lo que represent&oacute; un aumento de US$ 6.318 millones respecto a julio, as&iacute; lo inform&oacute; la secretar&iacute;a de Finanzas. Cuando asumi&oacute; Javier Milei la presidencia de la naci&oacute;n en diciembre del 2023, la deuda en situaci&oacute;n normal [&hellip;]<\/p>\n","protected":false},"author":2,"featured_media":7439,"comment_status":"open","ping_status":"open","sticky":false,"template":"","format":"standard","meta":{"footnotes":""},"categories":[5],"tags":[2075,3326,232,2498],"class_list":["post-7437","post","type-post","status-publish","format-standard","has-post-thumbnail","hentry","category-nacionales","tag-deuda","tag-estado-nacional","tag-javier-milei","tag-record"],"_links":{"self":[{"href":"https:\/\/partediario.com.ar\/index.php?rest_route=\/wp\/v2\/posts\/7437","targetHints":{"allow":["GET"]}}],"collection":[{"href":"https:\/\/partediario.com.ar\/index.php?rest_route=\/wp\/v2\/posts"}],"about":[{"href":"https:\/\/partediario.com.ar\/index.php?rest_route=\/wp\/v2\/types\/post"}],"author":[{"embeddable":true,"href":"https:\/\/partediario.com.ar\/index.php?rest_route=\/wp\/v2\/users\/2"}],"replies":[{"embeddable":true,"href":"https:\/\/partediario.com.ar\/index.php?rest_route=%2Fwp%2Fv2%2Fcomments&post=7437"}],"version-history":[{"count":1,"href":"https:\/\/partediario.com.ar\/index.php?rest_route=\/wp\/v2\/posts\/7437\/revisions"}],"predecessor-version":[{"id":7440,"href":"https:\/\/partediario.com.ar\/index.php?rest_route=\/wp\/v2\/posts\/7437\/revisions\/7440"}],"wp:featuredmedia":[{"embeddable":true,"href":"https:\/\/partediario.com.ar\/index.php?rest_route=\/wp\/v2\/media\/7439"}],"wp:attachment":[{"href":"https:\/\/partediario.com.ar\/index.php?rest_route=%2Fwp%2Fv2%2Fmedia&parent=7437"}],"wp:term":[{"taxonomy":"category","embeddable":true,"href":"https:\/\/partediario.com.ar\/index.php?rest_route=%2Fwp%2Fv2%2Fcategories&post=7437"},{"taxonomy":"post_tag","embeddable":true,"href":"https:\/\/partediario.com.ar\/index.php?rest_route=%2Fwp%2Fv2%2Ftags&post=7437"}],"curies":[{"name":"wp","href":"https:\/\/api.w.org\/{rel}","templated":true}]}}