{"id":7483,"date":"2024-09-19T09:10:41","date_gmt":"2024-09-19T12:10:41","guid":{"rendered":"https:\/\/partediario.com.ar\/?p=7483"},"modified":"2024-09-19T09:10:49","modified_gmt":"2024-09-19T12:10:49","slug":"diamante-se-realizo-el-miercoles-la-presentacion-del-libro-historias-no-clinicas","status":"publish","type":"post","link":"https:\/\/partediario.com.ar\/?p=7483","title":{"rendered":"Diamante: se realiz\u00f3 el mi\u00e9rcoles la presentaci\u00f3n del Libro \u00abHist\u00f3rias no Cl\u00ednicas\u00bb"},"content":{"rendered":"\n<h3 class=\"wp-block-heading\">Se trata de una obra que fue producida luego de la pandemia y que contiene relatos narrados desde el Hospital Escuela de Salud Mental de Paran\u00e1, con el objetivo de recuperar escenas, historias, personajes de la instituci\u00f3n y contar el proceso de transformaci\u00f3n que ha ido teniendo.<\/h3>\n\n\n\n<p>El libro fue coordinado por Soledad Escoubue y Laura Lavatelli, Comunicadoras Sociales, Mag\u00edsteres en Salud Mental UNER, y Personal de \u00c1rea de Comunicaci\u00f3n del Hospital Escuela Salud Mental de Paran\u00e1.<\/p>\n\n\n\n<p><\/p>\n\n\n\n<figure class=\"wp-block-image size-full\"><img loading=\"lazy\" decoding=\"async\" width=\"1024\" height=\"771\" src=\"https:\/\/partediario.com.ar\/wp-content\/uploads\/460405503_932115782280007_141884-1.jpg\" alt=\"\" class=\"wp-image-7486\" srcset=\"https:\/\/partediario.com.ar\/wp-content\/uploads\/460405503_932115782280007_141884-1.jpg 1024w, https:\/\/partediario.com.ar\/wp-content\/uploads\/460405503_932115782280007_141884-1-300x226.jpg 300w, https:\/\/partediario.com.ar\/wp-content\/uploads\/460405503_932115782280007_141884-1-768x578.jpg 768w\" sizes=\"auto, (max-width: 1024px) 100vw, 1024px\" \/><\/figure>\n\n\n\n<p><\/p>\n\n\n\n<p>La presentaci\u00f3n tuvo eje en transmitir otras miradas de la salud mental, que es un poco lo que recupera este libro, otros tr\u00e1nsitos por las instituciones de salud mental, menos temerosos, estigmatisantes, promover la idea de que en el Estado se hacen pr\u00e1cticas que son amables, cuidadosas, revaloriz\u00e1ndolas\u00bb, expres\u00f3 Soledad Escobue.<\/p>\n\n\n\n<p><\/p>\n\n\n\n<figure class=\"wp-block-image size-full\"><img loading=\"lazy\" decoding=\"async\" width=\"1024\" height=\"683\" src=\"https:\/\/partediario.com.ar\/wp-content\/uploads\/460452987_932115955613323_241034-1.jpg\" alt=\"\" class=\"wp-image-7487\" srcset=\"https:\/\/partediario.com.ar\/wp-content\/uploads\/460452987_932115955613323_241034-1.jpg 1024w, https:\/\/partediario.com.ar\/wp-content\/uploads\/460452987_932115955613323_241034-1-300x200.jpg 300w, https:\/\/partediario.com.ar\/wp-content\/uploads\/460452987_932115955613323_241034-1-768x512.jpg 768w\" sizes=\"auto, (max-width: 1024px) 100vw, 1024px\" \/><\/figure>\n\n\n\n<p><\/p>\n\n\n\n<p>La actividad se llev\u00f3 adelante en el CIC \u00abDr. Domingo Liotta\u00bb, y fue organizada por la Direcci\u00f3n de Salud P\u00fablica Municipal.<\/p>\n\n\n\n<p><a href=\"#Diamante\" data-type=\"internal\" data-id=\"#Diamante\">#Diamante<\/a> <a href=\"#TuLugar\">#TuLugar<\/a><\/p>\n","protected":false},"excerpt":{"rendered":"<p>Se trata de una obra que fue producida luego de la pandemia y que contiene relatos narrados desde el Hospital Escuela de Salud Mental de Paran&aacute;, con el objetivo de recuperar escenas, historias, personajes de la instituci&oacute;n y contar el proceso de transformaci&oacute;n que ha ido teniendo. El libro fue coordinado por Soledad Escoubue y [&hellip;]<\/p>\n","protected":false},"author":2,"featured_media":7488,"comment_status":"open","ping_status":"open","sticky":false,"template":"","format":"standard","meta":{"footnotes":""},"categories":[3272,726],"tags":[327,3361,3358,3359,776],"class_list":["post-7483","post","type-post","status-publish","format-standard","has-post-thumbnail","hentry","category-municipales","category-sociedad","tag-diamante","tag-escuela-salud-mental","tag-historias-no-clinicas","tag-soledad-escoubue","tag-uner"],"_links":{"self":[{"href":"https:\/\/partediario.com.ar\/index.php?rest_route=\/wp\/v2\/posts\/7483","targetHints":{"allow":["GET"]}}],"collection":[{"href":"https:\/\/partediario.com.ar\/index.php?rest_route=\/wp\/v2\/posts"}],"about":[{"href":"https:\/\/partediario.com.ar\/index.php?rest_route=\/wp\/v2\/types\/post"}],"author":[{"embeddable":true,"href":"https:\/\/partediario.com.ar\/index.php?rest_route=\/wp\/v2\/users\/2"}],"replies":[{"embeddable":true,"href":"https:\/\/partediario.com.ar\/index.php?rest_route=%2Fwp%2Fv2%2Fcomments&post=7483"}],"version-history":[{"count":1,"href":"https:\/\/partediario.com.ar\/index.php?rest_route=\/wp\/v2\/posts\/7483\/revisions"}],"predecessor-version":[{"id":7489,"href":"https:\/\/partediario.com.ar\/index.php?rest_route=\/wp\/v2\/posts\/7483\/revisions\/7489"}],"wp:featuredmedia":[{"embeddable":true,"href":"https:\/\/partediario.com.ar\/index.php?rest_route=\/wp\/v2\/media\/7488"}],"wp:attachment":[{"href":"https:\/\/partediario.com.ar\/index.php?rest_route=%2Fwp%2Fv2%2Fmedia&parent=7483"}],"wp:term":[{"taxonomy":"category","embeddable":true,"href":"https:\/\/partediario.com.ar\/index.php?rest_route=%2Fwp%2Fv2%2Fcategories&post=7483"},{"taxonomy":"post_tag","embeddable":true,"href":"https:\/\/partediario.com.ar\/index.php?rest_route=%2Fwp%2Fv2%2Ftags&post=7483"}],"curies":[{"name":"wp","href":"https:\/\/api.w.org\/{rel}","templated":true}]}}