{"id":7499,"date":"2024-09-19T12:02:20","date_gmt":"2024-09-19T15:02:20","guid":{"rendered":"https:\/\/partediario.com.ar\/?p=7499"},"modified":"2024-09-19T12:02:21","modified_gmt":"2024-09-19T15:02:21","slug":"victoria-capacitan-en-combate-de-incendios-forestales-a-bomberos-y-personal-municipal","status":"publish","type":"post","link":"https:\/\/partediario.com.ar\/?p=7499","title":{"rendered":"Victoria: capacitan en combate de incendios forestales a bomberos y personal municipal"},"content":{"rendered":"\n<h3 class=\"wp-block-heading\">Expertos de la Secretar\u00eda de Ambiente de Entre R\u00edos, dependiente del Ministerio de Desarrollo Econ\u00f3mico, concretaron una capacitaci\u00f3n sobre los principios b\u00e1sicos en el combate de incendios forestales.<\/h3>\n\n\n\n<p>Esta formaci\u00f3n estuvo dirigida a los Bomberos Voluntarios de Victoria y al personal municipal. Algunos de \u00e9stos \u00faltimos se integrar\u00e1n a una nueva brigada de respuesta que apoyar\u00e1 las labores de los bomberos en situaciones de emergencia.<\/p>\n\n\n\n<p>La jornada fue liderada por la Brigada de Respuesta Ambiental. El objetivo principal fue fortalecer las capacidades t\u00e9cnicas y operativas de los participantes, con un enfoque especial en el comportamiento del fuego, un conocimiento crucial para enfrentar eficazmente los incendios forestales.<\/p>\n\n\n\n<p>Desde la Brigada se determin\u00f3 que la prevenci\u00f3n es la primera l\u00ednea de defensa contra los incendios forestales. Es fundamental trabajar en tal sentido, ya que tales capacitaciones preparan a los expertos para responder mejor a las emergencias, y ayudan a proteger el entorno natural y las comunidades que dependen de \u00e9l.<\/p>\n\n\n\n<p>Esta iniciativa subraya el compromiso del gobierno provincial con la seguridad y la sostenibilidad ambiental, promoviendo una respuesta coordinada y efectiva ante las amenazas de incendios forestales. La colaboraci\u00f3n entre los bomberos, el personal municipal y la comunidad es esencial para prevenir y mitigar los efectos devastadores de los incendios.<\/p>\n","protected":false},"excerpt":{"rendered":"<p>Expertos de la Secretar&iacute;a de Ambiente de Entre R&iacute;os, dependiente del Ministerio de Desarrollo Econ&oacute;mico, concretaron una capacitaci&oacute;n sobre los principios b&aacute;sicos en el combate de incendios forestales. Esta formaci&oacute;n estuvo dirigida a los Bomberos Voluntarios de Victoria y al personal municipal. Algunos de &eacute;stos &uacute;ltimos se integrar&aacute;n a una nueva brigada de respuesta que [&hellip;]<\/p>\n","protected":false},"author":2,"featured_media":7500,"comment_status":"open","ping_status":"open","sticky":false,"template":"","format":"standard","meta":{"footnotes":""},"categories":[8,726],"tags":[1241,3368,2998,379],"class_list":["post-7499","post","type-post","status-publish","format-standard","has-post-thumbnail","hentry","category-provinciales","category-sociedad","tag-capacitacion","tag-combate","tag-incendios","tag-victoria"],"_links":{"self":[{"href":"https:\/\/partediario.com.ar\/index.php?rest_route=\/wp\/v2\/posts\/7499","targetHints":{"allow":["GET"]}}],"collection":[{"href":"https:\/\/partediario.com.ar\/index.php?rest_route=\/wp\/v2\/posts"}],"about":[{"href":"https:\/\/partediario.com.ar\/index.php?rest_route=\/wp\/v2\/types\/post"}],"author":[{"embeddable":true,"href":"https:\/\/partediario.com.ar\/index.php?rest_route=\/wp\/v2\/users\/2"}],"replies":[{"embeddable":true,"href":"https:\/\/partediario.com.ar\/index.php?rest_route=%2Fwp%2Fv2%2Fcomments&post=7499"}],"version-history":[{"count":1,"href":"https:\/\/partediario.com.ar\/index.php?rest_route=\/wp\/v2\/posts\/7499\/revisions"}],"predecessor-version":[{"id":7501,"href":"https:\/\/partediario.com.ar\/index.php?rest_route=\/wp\/v2\/posts\/7499\/revisions\/7501"}],"wp:featuredmedia":[{"embeddable":true,"href":"https:\/\/partediario.com.ar\/index.php?rest_route=\/wp\/v2\/media\/7500"}],"wp:attachment":[{"href":"https:\/\/partediario.com.ar\/index.php?rest_route=%2Fwp%2Fv2%2Fmedia&parent=7499"}],"wp:term":[{"taxonomy":"category","embeddable":true,"href":"https:\/\/partediario.com.ar\/index.php?rest_route=%2Fwp%2Fv2%2Fcategories&post=7499"},{"taxonomy":"post_tag","embeddable":true,"href":"https:\/\/partediario.com.ar\/index.php?rest_route=%2Fwp%2Fv2%2Ftags&post=7499"}],"curies":[{"name":"wp","href":"https:\/\/api.w.org\/{rel}","templated":true}]}}