{"id":7510,"date":"2024-09-19T21:14:56","date_gmt":"2024-09-20T00:14:56","guid":{"rendered":"https:\/\/partediario.com.ar\/?p=7510"},"modified":"2024-09-20T20:40:55","modified_gmt":"2024-09-20T23:40:55","slug":"amalia-granata-presento-una-demanda-donde-solicita-que-se-suspenda-la-reforma-previsional-y-fue-ovacionada","status":"publish","type":"post","link":"https:\/\/partediario.com.ar\/?p=7510","title":{"rendered":"Amalia Granata present\u00f3 una demanda donde solicita que se suspenda la reforma previsional y fue ovacionada"},"content":{"rendered":"\n<h3 class=\"wp-block-heading\">El bloque Somos Vida efectiviz\u00f3 una acci\u00f3n judicial para que se suspenda la ley jubilatoria por considerar que el procedimiento fue nulo. Recibieron ovacionada en los Tribunales.<\/h3>\n\n\n\n<p>Amalia Granata encabez\u00f3 la rebeli\u00f3n del bloque Somos Vida de la C\u00e1mara de Diputados, que present\u00f3 una demanda judicial para pedir que se suspenda la reforma previsional aprobada la semana pasada en medio de una fuerte tensi\u00f3n en las afueras de la Legislatura. Empleados judiciales la ovacionaron al formalizar la demanda, sector al que m\u00e1s toca la nueva ley.<\/p>\n\n\n\n<p><\/p>\n\n\n\n<blockquote class=\"twitter-tweet\"><p lang=\"es\" dir=\"ltr\">\ud83e\udec2 El abrazo y las fotos \ud83d\udcf2<br><br>Amalia Granata no s\u00f3lo se llev\u00f3 el aplauso de los empleados de Tribunales cuando present\u00f3 en <a href=\"https:\/\/twitter.com\/hashtag\/SantaFe?src=hash&amp;ref_src=twsrc%5Etfw\">#SantaFe<\/a> una demanda pidiendo la nulidad de la ley de reforma previsional.<br><br>\ud83d\udc47 <a href=\"https:\/\/t.co\/X0H8JABMr4\">pic.twitter.com\/X0H8JABMr4<\/a><\/p>&mdash; sumapolitica (@sumapoliticaweb) <a href=\"https:\/\/twitter.com\/sumapoliticaweb\/status\/1836846792740077700?ref_src=twsrc%5Etfw\">September 19, 2024<\/a><\/blockquote> <script async src=\"https:\/\/platform.twitter.com\/widgets.js\" charset=\"utf-8\"><\/script>\n\n\n\n<p><\/p>\n\n\n\n<p>\u201cAhora hay gente nueva que no va a permitir el avasallamiento en la Legislatura\u201d, se\u00f1al\u00f3 Granata contra el oficialismo antes de contar su versi\u00f3n de los hechos vividos el jueves pasado en el recinto, que deriv\u00f3 en la presentaci\u00f3n judicial mencionada.<\/p>\n\n\n\n<p>Cuando el jueves pasado promediaba la sesi\u00f3n y ya hab\u00edan expuesto la mayor\u00eda de los bloques, el diputado socialista Pablo Far\u00edas solicit\u00f3 una moci\u00f3n de orden para interrumpir el debate y votar, y tras continuar con las exposiciones, porque la tensi\u00f3n en la puerta de la Legislatura se hab\u00eda agravado.<\/p>\n\n\n\n<p>En ese momento la oposici\u00f3n cuestion\u00f3 el procedimiento y la situaci\u00f3n se puso tensa en el recinto. \u201cNo ten\u00edan los dos tercios de los votos para pasar la votaci\u00f3n. Clara Garc\u00eda, presidenta de la C\u00e1mara de Diputados, grit\u00f3 que pongan la votaci\u00f3n en la pantalla. Y ah\u00ed nos empezamos a quejar\u201d, cont\u00f3 Granata en declaraciones a LT8.<\/p>\n\n\n\n<p><strong>La votaci\u00f3n<\/strong><\/p>\n\n\n\n<p>La votaci\u00f3n cerr\u00f3 con 23 votos positivos, 9 negativos y 11 abstenciones. \u201cDe las 11 abstenciones, ninguno se abstuvo. La presidenta se puso a debatir los art\u00edculos de la ley m\u00e1s r\u00e1pido que \u00abSpeedy Gonz\u00e1lez\u00bb. Fue un caos, cuando volvimos del cuarto intermedio no pudimos dar la argumentaci\u00f3n del voto. Todo irregular, fraudulento, viciado\u201d, detall\u00f3.<\/p>\n\n\n\n<p>\u201cLa casta pol\u00edtica brill\u00f3 el jueves. Hasta el reglamento se pasaron por donde quisieron\u201d, dispar\u00f3 la diputada cada vez m\u00e1s opositora y a\u00f1adi\u00f3: \u201cCreen que la Legislatura es de ellos, creen que porque tienen mayor\u00eda, es una escriban\u00eda del gobernador. Y qued\u00f3 en claro que no lo va a ser\u201d.<\/p>\n\n\n\n<p>Seg\u00fan Granata, quien fue aplaudida en Tribunales de Santa Fe al presentar la denuncia que intenta suspender la ley previsional, lo que hizo el oficialismo fue \u201cun manejo de la vieja pol\u00edtica\u201d y consider\u00f3 que los pol\u00edticos \u201cestaban acostumbrados a que eran todo lo mismo, pero ahora hay gente nueva que no va a permitir el avasallamiento\u201d. La demanda qued\u00f3 en manos de la jueza Civil y Comercial N\u00ba 10, Romina Kilgelmann.<\/p>\n","protected":false},"excerpt":{"rendered":"<p>El bloque Somos Vida efectiviz&oacute; una acci&oacute;n judicial para que se suspenda la ley jubilatoria por considerar que el procedimiento fue nulo. Recibieron ovacionada en los Tribunales. Amalia Granata encabez&oacute; la rebeli&oacute;n del bloque Somos Vida de la C&aacute;mara de Diputados, que present&oacute; una demanda judicial para pedir que se suspenda la reforma previsional aprobada [&hellip;]<\/p>\n","protected":false},"author":2,"featured_media":7511,"comment_status":"open","ping_status":"open","sticky":false,"template":"","format":"standard","meta":{"footnotes":""},"categories":[5,176],"tags":[3371,1544,3372,2871,1777,730],"class_list":["post-7510","post","type-post","status-publish","format-standard","has-post-thumbnail","hentry","category-nacionales","category-politica","tag-amalia-granata","tag-demanda","tag-judicial","tag-previsional","tag-reforma","tag-suspension"],"_links":{"self":[{"href":"https:\/\/partediario.com.ar\/index.php?rest_route=\/wp\/v2\/posts\/7510","targetHints":{"allow":["GET"]}}],"collection":[{"href":"https:\/\/partediario.com.ar\/index.php?rest_route=\/wp\/v2\/posts"}],"about":[{"href":"https:\/\/partediario.com.ar\/index.php?rest_route=\/wp\/v2\/types\/post"}],"author":[{"embeddable":true,"href":"https:\/\/partediario.com.ar\/index.php?rest_route=\/wp\/v2\/users\/2"}],"replies":[{"embeddable":true,"href":"https:\/\/partediario.com.ar\/index.php?rest_route=%2Fwp%2Fv2%2Fcomments&post=7510"}],"version-history":[{"count":1,"href":"https:\/\/partediario.com.ar\/index.php?rest_route=\/wp\/v2\/posts\/7510\/revisions"}],"predecessor-version":[{"id":7512,"href":"https:\/\/partediario.com.ar\/index.php?rest_route=\/wp\/v2\/posts\/7510\/revisions\/7512"}],"wp:featuredmedia":[{"embeddable":true,"href":"https:\/\/partediario.com.ar\/index.php?rest_route=\/wp\/v2\/media\/7511"}],"wp:attachment":[{"href":"https:\/\/partediario.com.ar\/index.php?rest_route=%2Fwp%2Fv2%2Fmedia&parent=7510"}],"wp:term":[{"taxonomy":"category","embeddable":true,"href":"https:\/\/partediario.com.ar\/index.php?rest_route=%2Fwp%2Fv2%2Fcategories&post=7510"},{"taxonomy":"post_tag","embeddable":true,"href":"https:\/\/partediario.com.ar\/index.php?rest_route=%2Fwp%2Fv2%2Ftags&post=7510"}],"curies":[{"name":"wp","href":"https:\/\/api.w.org\/{rel}","templated":true}]}}