{"id":7514,"date":"2024-09-20T10:31:25","date_gmt":"2024-09-20T13:31:25","guid":{"rendered":"https:\/\/partediario.com.ar\/?p=7514"},"modified":"2024-09-20T20:41:15","modified_gmt":"2024-09-20T23:41:15","slug":"el-mundo-del-espectaculo-de-luto-murio-el-actor-daniel-fanego-a-los-69-anos","status":"publish","type":"post","link":"https:\/\/partediario.com.ar\/?p=7514","title":{"rendered":"El mundo del espect\u00e1culo de luto: muri\u00f3 el actor Daniel Fanego a los 69 a\u00f1os"},"content":{"rendered":"\n<h3 class=\"wp-block-heading\">A los 69 a\u00f1os, muri\u00f3 el actor de teatro, cine y televisi\u00f3n Daniel Fanego. La triste noticia fue dada a conocer por la Asociaci\u00f3n Argentina de Actores por medio de un comunicado.<\/h3>\n\n\n\n<p>\u201cCon gran tristeza despedimos a nuestro afiliado y exdirigente del sindicato. Con amplia experiencia en teatro, televisi\u00f3n y cine, fue uno de los actores m\u00e1s queridos y premiados de su generaci\u00f3n. Enviamos nuestras m\u00e1s sinceras condolencias a su familia y seres queridos, acompa\u00f1\u00e1ndolos en este dif\u00edcil momento\u201d, se\u00f1ala el comunicado.<\/p>\n\n\n\n<p><\/p>\n\n\n\n<blockquote class=\"twitter-tweet\"><p lang=\"es\" dir=\"ltr\">Con gran tristeza despedimos a nuestro afiliado y ex dirigente del sindicato, el actor y director Daniel Fanego. Con amplia experiencia en teatro, televisi\u00f3n y cine, fue uno de los actores m\u00e1s queridos y premiados de su generaci\u00f3n. <a href=\"https:\/\/t.co\/yYcqnjOc3I\">https:\/\/t.co\/yYcqnjOc3I<\/a> <a href=\"https:\/\/t.co\/YU16bXE26U\">pic.twitter.com\/YU16bXE26U<\/a><\/p>&mdash; Asociaci\u00f3n Argentina de Actores (@actoresprensa) <a href=\"https:\/\/twitter.com\/actoresprensa\/status\/1836923392110350390?ref_src=twsrc%5Etfw\">September 20, 2024<\/a><\/blockquote> <script async src=\"https:\/\/platform.twitter.com\/widgets.js\" charset=\"utf-8\"><\/script>\n\n\n\n<p><\/p>\n\n\n\n<p><strong>La extensa carrera de Daniel Fanego<\/strong><\/p>\n\n\n\n<p>Daniel Fanego naci\u00f3 el 30 de marzo de 1955. Aunque estudi\u00f3 Derecho durante cuatro a\u00f1os, finalmente decidi\u00f3 dedicarse por completo a la actuaci\u00f3n. Debut\u00f3 en teatro en 1977 con la obra La lecci\u00f3n de anatom\u00eda. A lo largo de su carrera, particip\u00f3 en numerosas obras como Porte\u00f1os, Las tres hermanas, Camille, Doce hombres en pugna, Pareja abierta, Medea, El mis\u00e1ntropo, Pigmalion, Vuelo a Capistrano, Cartas de la ausente y El le\u00f3n en invierno, Modestamente Fanego, entre muchas otras.<\/p>\n\n\n\n<p>Fue uno de los fundadores del ciclo TeatroxlaIdentidad, participando comprometidamente en su comisi\u00f3n directiva y en varios de sus espect\u00e1culos. Como director, present\u00f3 las obras Sardinas, Despu\u00e9s del ensayo, Cristo Vence, Roberto Zucco, A prop\u00f3sito de la duda, Cumbia morena cumbia, entre otras.<\/p>\n\n\n\n<p>En televisi\u00f3n y plataformas, fue parte de producciones memorables como El marginal, El reino, El elegido, Mujeres asesinas, Resistir\u00e9, El Rafa, La cu\u00f1ada, Los machos, El primero de nosotros, Culpables, B\u00e1rbara Narv\u00e1ez, Amar\u2026 al salvaje, Se\u00f1ora Ordo\u00f1ez, El jard\u00edn de bronce y Romeo y Julieta.<\/p>\n\n\n\n<p>En cine, se destac\u00f3 en una amplia variedad de pel\u00edculas, incluyendo Betib\u00fa, El \u00c1ngel, Luna de Avellaneda, Desde el abismo, Acusada, Eva no duerme, Akelarre, El mundo contra m\u00ed, Los amores de Laurita, Las nubes, El profesor punk, Todos tenemos un plan y El Fausto criollo.<\/p>\n\n\n\n<p>Desde las 10 y hasta las 14, se desarrolla la despedida del actor en la Legislatura Porte\u00f1a.<\/p>\n","protected":false},"excerpt":{"rendered":"<p>A los 69 a&ntilde;os, muri&oacute; el actor de teatro, cine y televisi&oacute;n Daniel Fanego. La triste noticia fue dada a conocer por la Asociaci&oacute;n Argentina de Actores por medio de un comunicado. &ldquo;Con gran tristeza despedimos a nuestro afiliado y exdirigente del sindicato. Con amplia experiencia en teatro, televisi&oacute;n y cine, fue uno de los [&hellip;]<\/p>\n","protected":false},"author":2,"featured_media":7515,"comment_status":"open","ping_status":"open","sticky":false,"template":"","format":"standard","meta":{"footnotes":""},"categories":[5],"tags":[3373,561],"class_list":["post-7514","post","type-post","status-publish","format-standard","has-post-thumbnail","hentry","category-nacionales","tag-daniel-fanego","tag-murio"],"_links":{"self":[{"href":"https:\/\/partediario.com.ar\/index.php?rest_route=\/wp\/v2\/posts\/7514","targetHints":{"allow":["GET"]}}],"collection":[{"href":"https:\/\/partediario.com.ar\/index.php?rest_route=\/wp\/v2\/posts"}],"about":[{"href":"https:\/\/partediario.com.ar\/index.php?rest_route=\/wp\/v2\/types\/post"}],"author":[{"embeddable":true,"href":"https:\/\/partediario.com.ar\/index.php?rest_route=\/wp\/v2\/users\/2"}],"replies":[{"embeddable":true,"href":"https:\/\/partediario.com.ar\/index.php?rest_route=%2Fwp%2Fv2%2Fcomments&post=7514"}],"version-history":[{"count":1,"href":"https:\/\/partediario.com.ar\/index.php?rest_route=\/wp\/v2\/posts\/7514\/revisions"}],"predecessor-version":[{"id":7516,"href":"https:\/\/partediario.com.ar\/index.php?rest_route=\/wp\/v2\/posts\/7514\/revisions\/7516"}],"wp:featuredmedia":[{"embeddable":true,"href":"https:\/\/partediario.com.ar\/index.php?rest_route=\/wp\/v2\/media\/7515"}],"wp:attachment":[{"href":"https:\/\/partediario.com.ar\/index.php?rest_route=%2Fwp%2Fv2%2Fmedia&parent=7514"}],"wp:term":[{"taxonomy":"category","embeddable":true,"href":"https:\/\/partediario.com.ar\/index.php?rest_route=%2Fwp%2Fv2%2Fcategories&post=7514"},{"taxonomy":"post_tag","embeddable":true,"href":"https:\/\/partediario.com.ar\/index.php?rest_route=%2Fwp%2Fv2%2Ftags&post=7514"}],"curies":[{"name":"wp","href":"https:\/\/api.w.org\/{rel}","templated":true}]}}