{"id":7532,"date":"2024-09-20T18:56:51","date_gmt":"2024-09-20T21:56:51","guid":{"rendered":"https:\/\/partediario.com.ar\/?p=7532"},"modified":"2024-09-21T12:20:18","modified_gmt":"2024-09-21T15:20:18","slug":"cinco-gobernadores-crearon-la-region-litoral","status":"publish","type":"post","link":"https:\/\/partediario.com.ar\/?p=7532","title":{"rendered":"Cinco gobernadores crearon la Regi\u00f3n Litoral"},"content":{"rendered":"\n<h3 class=\"wp-block-heading\">Con el prop\u00f3sito de reafirmar el federalismo mediante la consolidaci\u00f3n de la integraci\u00f3n regional, los gobernadores de Entre R\u00edos, Chaco, Corrientes, Formosa, Misiones y Santa Fe, acordaron crear la Regi\u00f3n Litoral. \u00abNos unen las ganas de mejorar la calidad de vida de nuestros pueblos\u00bb, afirm\u00f3 Rogelio Frigerio.<\/h3>\n\n\n\n<p>\u00abLa conformaci\u00f3n de esta regi\u00f3n, y de otras regiones en l\u00ednea con el mandato Constitucional, nos hace m\u00e1s fuertes y nos tiene que hacer m\u00e1s fuertes tambi\u00e9n en la pelea de algunas cuestiones b\u00e1sicas, como por ejemplo el tema de la hidrov\u00eda del Paran\u00e1\u00bb, sostuvo el mandatario entrerriano durante el acto de firma del Tratado de Integraci\u00f3n Regional entre las seis provincias.<\/p>\n\n\n\n<p><\/p>\n\n\n\n<figure class=\"wp-block-image size-full\"><img loading=\"lazy\" decoding=\"async\" width=\"960\" height=\"640\" src=\"https:\/\/partediario.com.ar\/wp-content\/uploads\/04_Pullaro_Corrientes_Planta_BV-15.jpg\" alt=\"\" class=\"wp-image-7533\" srcset=\"https:\/\/partediario.com.ar\/wp-content\/uploads\/04_Pullaro_Corrientes_Planta_BV-15.jpg 960w, https:\/\/partediario.com.ar\/wp-content\/uploads\/04_Pullaro_Corrientes_Planta_BV-15-300x200.jpg 300w, https:\/\/partediario.com.ar\/wp-content\/uploads\/04_Pullaro_Corrientes_Planta_BV-15-768x512.jpg 768w\" sizes=\"auto, (max-width: 960px) 100vw, 960px\" \/><\/figure>\n\n\n\n<p><\/p>\n\n\n\n<p>Este jueves, en Bella Vista, Corrientes, los mandatarios de Entre R\u00edos, Rogelio Frigerio; de Chaco, Leandro Zdero; Corrientes, Gustavo Vald\u00e9s; Formosa, Gildo Insfr\u00e1n; Misiones, Hugo Passalacqua; y Santa Fe, Maximiliano Pullaro, firmaron una declaraci\u00f3n conjunta donde expresan su compromiso de crear una regi\u00f3n que contenga dichos territorios. En el documento reconocen que sus provincias comparten v\u00ednculos hist\u00f3ricos, geogr\u00e1ficos, econ\u00f3micos, sociales y culturales; lo cual destacan como argumento para impulsar la creaci\u00f3n de la Regi\u00f3n Litoral.<\/p>\n\n\n\n<p><\/p>\n\n\n\n<figure class=\"wp-block-image size-full\"><img loading=\"lazy\" decoding=\"async\" width=\"960\" height=\"640\" src=\"https:\/\/partediario.com.ar\/wp-content\/uploads\/VDF9262.jpg\" alt=\"\" class=\"wp-image-7534\" srcset=\"https:\/\/partediario.com.ar\/wp-content\/uploads\/VDF9262.jpg 960w, https:\/\/partediario.com.ar\/wp-content\/uploads\/VDF9262-300x200.jpg 300w, https:\/\/partediario.com.ar\/wp-content\/uploads\/VDF9262-768x512.jpg 768w\" sizes=\"auto, (max-width: 960px) 100vw, 960px\" \/><\/figure>\n\n\n\n<p><\/p>\n\n\n\n<p>En ese marco, Frigerio asegur\u00f3 que los \u00abune el compromiso de pelear por lo que somos como regi\u00f3n, tambi\u00e9n la cuna del federalismo en la Argentina. Tenemos que defenderlo y tenemos que estar m\u00e1s unidos que nunca\u00bb. Y agreg\u00f3: \u00abUnidos nos vamos a sentir un poco menos solos de lo que nos solemos sentir teniendo que hacernos cargo de pr\u00e1cticamente, la totalidad de los bienes y servicios p\u00fablicos que recibe nuestra gente\u00bb.<\/p>\n\n\n\n<p>\u00abEsta pelea que damos muchas veces en solitario a partir de hoy, a partir de esta fecha hist\u00f3rica, la vamos a dar entre todos y eso nos va a hacer mucho m\u00e1s potentes, mucho m\u00e1s poderosos, como esa pelea por la hidrov\u00eda, tantas otras peleas que vamos a dar juntos\u00bb, asegur\u00f3 el mandatario en referencia a la importancia de la conformaci\u00f3n de la Regi\u00f3n Litoral. \u00abNos unen conocimientos de muchos a\u00f1os y sobre todo las ganas de mejorar la calidad de vida de nuestros pueblos\u00bb, finaliz\u00f3.<\/p>\n\n\n\n<p>Cabe mencionar que el siguiente paso para esta integraci\u00f3n regional se dar\u00e1 el 16 de octubre en Santa Fe, donde los gobernadores esperan suscribir un Tratado Interprovincial que ser\u00e1 puesto luego a consideraci\u00f3n de las respectivas legislaturas.<\/p>\n\n\n\n<p>Como parte de la agenda de actividades los gobernadores de Entre R\u00edos y Santa Fe, Rogelio Frigerio y Maximiliano Pullaro, respectivamente, acompa\u00f1aron a su par de Corrientes Gustavo Vald\u00e9s en la inauguraci\u00f3n de la Planta UTE BV y el lanzamiento del Plan Naranja.<\/p>\n\n\n\n<p><\/p>\n\n\n\n<figure class=\"wp-block-embed is-type-video is-provider-youtube wp-block-embed-youtube wp-embed-aspect-16-9 wp-has-aspect-ratio\"><div class=\"wp-block-embed__wrapper\">\n<iframe loading=\"lazy\" title=\"Frigerio y otros cinco gobernadores crearon la Regi\u00f3n Litoral\" width=\"640\" height=\"360\" src=\"https:\/\/www.youtube.com\/embed\/LoHchHMkN_w?feature=oembed\" frameborder=\"0\" allow=\"accelerometer; autoplay; clipboard-write; encrypted-media; gyroscope; picture-in-picture; web-share\" referrerpolicy=\"strict-origin-when-cross-origin\" allowfullscreen><\/iframe>\n<\/div><\/figure>\n","protected":false},"excerpt":{"rendered":"<p>Con el prop&oacute;sito de reafirmar el federalismo mediante la consolidaci&oacute;n de la integraci&oacute;n regional, los gobernadores de Entre R&iacute;os, Chaco, Corrientes, Formosa, Misiones y Santa Fe, acordaron crear la Regi&oacute;n Litoral. &laquo;Nos unen las ganas de mejorar la calidad de vida de nuestros pueblos&raquo;, afirm&oacute; Rogelio Frigerio. &laquo;La conformaci&oacute;n de esta regi&oacute;n, y de otras [&hellip;]<\/p>\n","protected":false},"author":2,"featured_media":7535,"comment_status":"open","ping_status":"open","sticky":false,"template":"","format":"standard","meta":{"footnotes":""},"categories":[5,176],"tags":[653,448,257,3374,1023,614,3375,245],"class_list":["post-7532","post","type-post","status-publish","format-standard","has-post-thumbnail","hentry","category-nacionales","category-politica","tag-chaco","tag-corrientes","tag-entre-rios","tag-formosa","tag-gobernadores","tag-misiones","tag-region-litoral","tag-rogelio-frigerio"],"_links":{"self":[{"href":"https:\/\/partediario.com.ar\/index.php?rest_route=\/wp\/v2\/posts\/7532","targetHints":{"allow":["GET"]}}],"collection":[{"href":"https:\/\/partediario.com.ar\/index.php?rest_route=\/wp\/v2\/posts"}],"about":[{"href":"https:\/\/partediario.com.ar\/index.php?rest_route=\/wp\/v2\/types\/post"}],"author":[{"embeddable":true,"href":"https:\/\/partediario.com.ar\/index.php?rest_route=\/wp\/v2\/users\/2"}],"replies":[{"embeddable":true,"href":"https:\/\/partediario.com.ar\/index.php?rest_route=%2Fwp%2Fv2%2Fcomments&post=7532"}],"version-history":[{"count":1,"href":"https:\/\/partediario.com.ar\/index.php?rest_route=\/wp\/v2\/posts\/7532\/revisions"}],"predecessor-version":[{"id":7536,"href":"https:\/\/partediario.com.ar\/index.php?rest_route=\/wp\/v2\/posts\/7532\/revisions\/7536"}],"wp:featuredmedia":[{"embeddable":true,"href":"https:\/\/partediario.com.ar\/index.php?rest_route=\/wp\/v2\/media\/7535"}],"wp:attachment":[{"href":"https:\/\/partediario.com.ar\/index.php?rest_route=%2Fwp%2Fv2%2Fmedia&parent=7532"}],"wp:term":[{"taxonomy":"category","embeddable":true,"href":"https:\/\/partediario.com.ar\/index.php?rest_route=%2Fwp%2Fv2%2Fcategories&post=7532"},{"taxonomy":"post_tag","embeddable":true,"href":"https:\/\/partediario.com.ar\/index.php?rest_route=%2Fwp%2Fv2%2Ftags&post=7532"}],"curies":[{"name":"wp","href":"https:\/\/api.w.org\/{rel}","templated":true}]}}