{"id":7537,"date":"2024-09-20T19:19:44","date_gmt":"2024-09-20T22:19:44","guid":{"rendered":"https:\/\/partediario.com.ar\/?p=7537"},"modified":"2024-09-21T12:20:09","modified_gmt":"2024-09-21T15:20:09","slug":"incendios-en-cordoba-arrestaron-a-un-sospechoso-que-tenia-un-bidon-de-nafta-en-capilla-del-monte","status":"publish","type":"post","link":"https:\/\/partediario.com.ar\/?p=7537","title":{"rendered":"Incendios en C\u00f3rdoba: arrestaron a un sospechoso que ten\u00eda un bid\u00f3n de nafta en Capilla del Monte"},"content":{"rendered":"\n<h3 class=\"wp-block-heading\">Vecinos denunciaron que el hombre \u00abportaba un un bid\u00f3n de 10 litros de nafta y que intentaba prender fuego\u00bb.<\/h3>\n\n\n\n<p>Un hombre de 31 a\u00f1os que llevaba consigo un bid\u00f3n de nafta fue arrestado como presunto responsable del incendio que se desat\u00f3 en la ciudad cordobesa de Capilla del Monte.<\/p>\n\n\n\n<p>Los vecinos denunciaron que el sujeto \u00abportaba un un bid\u00f3n de 10 litros de nafta y que intentaba prender fuego\u00bb.<\/p>\n\n\n\n<p><\/p>\n\n\n\n<figure class=\"wp-block-image size-full\"><img loading=\"lazy\" decoding=\"async\" width=\"851\" height=\"720\" src=\"https:\/\/partediario.com.ar\/wp-content\/uploads\/Capilla-del-Monte.webp\" alt=\"\" class=\"wp-image-7539\" srcset=\"https:\/\/partediario.com.ar\/wp-content\/uploads\/Capilla-del-Monte.webp 851w, https:\/\/partediario.com.ar\/wp-content\/uploads\/Capilla-del-Monte-300x254.webp 300w, https:\/\/partediario.com.ar\/wp-content\/uploads\/Capilla-del-Monte-768x650.webp 768w\" sizes=\"auto, (max-width: 851px) 100vw, 851px\" \/><\/figure>\n\n\n\n<p><\/p>\n\n\n\n<p>El bid\u00f3n fue incautado, mientras que la Polic\u00eda intercept\u00f3 al acusado, identificado como Julio Omar Aguirre, seg\u00fan precis\u00f3 un vocero de la fuerza de seguridad a medios de comunicaci\u00f3n, luego fue trasladado a una dependencia policial en La Cumbre.<\/p>\n\n\n\n<p>El operativo concluy\u00f3 en R\u00edo Iguaz\u00fa al 3200, luego que advirtieran que lo vieron intentar quemar pastizales en Pueyrred\u00f3n al 4000, trascendi\u00f3.<\/p>\n\n\n\n<p>El portavoz de la Secretar\u00eda de Gesti\u00f3n de Riesgo Clim\u00e1tico, Roberto Schhreiner, manifest\u00f3 en declaraciones radiales: \u00abRealmente se ha movido muy bien la polic\u00eda, la fiscal\u00eda y me parece que es importante para nosotros porque realmente ya estamos muy cansados, pero esto nos va a dar \u00e1nimo a seguir luchando por apagar todo este incendio\u00bb.<\/p>\n\n\n\n<p>M\u00e1s de 250 bomberos luchaban incansablemente contra los focos activos en Capilla del Monte, al tiempo que 54 personas fueron evacuadas y dos domicilios fueron arrasados por las llamas, mientras que este viernes no hubo clases debido a la presencia de humo en el casco urbano.<\/p>\n\n\n\n<p>La Ruta Nacional N\u00b038 continuaba cortada de forma preventiva y el tr\u00e1nsito en zona se torn\u00f3 complejo.<\/p>\n\n\n\n<p>El intendente de la ciudad, Fabricio D\u00edaz, pidi\u00f3 a la poblaci\u00f3n que en la medida de lo posible no se acerquen a Capilla del Monte.<\/p>\n\n\n\n<p>\u00abEstamos frente a un riesgo mucho m\u00e1s severo que el humo, es justamente el fuego\u00bb, se\u00f1al\u00f3.<\/p>\n\n\n\n<p>A su vez, se manten\u00eda activo un siniestro en Chancan\u00ed, en cercan\u00edas al sector de los t\u00faneles. Un lugare\u00f1o asever\u00f3: \u00abEstamos rodeados de por el fuego como nunca en la historia\u00bb.<\/p>\n\n\n\n<p>Las autoridades reiteraron que hay una alerta extrema por riesgo de incendios forestales y que las condiciones se mantendr\u00e1n al menos hasta el pr\u00f3ximo lunes, por lo que, en caso de observar una columna de humo, se solicita llamar al 0800-FUEGO (888 38346), 100 (Bomberos) o 911 (Polic\u00eda).<\/p>\n","protected":false},"excerpt":{"rendered":"<p>Vecinos denunciaron que el hombre &laquo;portaba un un bid&oacute;n de 10 litros de nafta y que intentaba prender fuego&raquo;. Un hombre de 31 a&ntilde;os que llevaba consigo un bid&oacute;n de nafta fue arrestado como presunto responsable del incendio que se desat&oacute; en la ciudad cordobesa de Capilla del Monte. Los vecinos denunciaron que el sujeto [&hellip;]<\/p>\n","protected":false},"author":2,"featured_media":7538,"comment_status":"open","ping_status":"open","sticky":false,"template":"","format":"standard","meta":{"footnotes":""},"categories":[5,7],"tags":[],"class_list":["post-7537","post","type-post","status-publish","format-standard","has-post-thumbnail","hentry","category-nacionales","category-policiales"],"_links":{"self":[{"href":"https:\/\/partediario.com.ar\/index.php?rest_route=\/wp\/v2\/posts\/7537","targetHints":{"allow":["GET"]}}],"collection":[{"href":"https:\/\/partediario.com.ar\/index.php?rest_route=\/wp\/v2\/posts"}],"about":[{"href":"https:\/\/partediario.com.ar\/index.php?rest_route=\/wp\/v2\/types\/post"}],"author":[{"embeddable":true,"href":"https:\/\/partediario.com.ar\/index.php?rest_route=\/wp\/v2\/users\/2"}],"replies":[{"embeddable":true,"href":"https:\/\/partediario.com.ar\/index.php?rest_route=%2Fwp%2Fv2%2Fcomments&post=7537"}],"version-history":[{"count":1,"href":"https:\/\/partediario.com.ar\/index.php?rest_route=\/wp\/v2\/posts\/7537\/revisions"}],"predecessor-version":[{"id":7540,"href":"https:\/\/partediario.com.ar\/index.php?rest_route=\/wp\/v2\/posts\/7537\/revisions\/7540"}],"wp:featuredmedia":[{"embeddable":true,"href":"https:\/\/partediario.com.ar\/index.php?rest_route=\/wp\/v2\/media\/7538"}],"wp:attachment":[{"href":"https:\/\/partediario.com.ar\/index.php?rest_route=%2Fwp%2Fv2%2Fmedia&parent=7537"}],"wp:term":[{"taxonomy":"category","embeddable":true,"href":"https:\/\/partediario.com.ar\/index.php?rest_route=%2Fwp%2Fv2%2Fcategories&post=7537"},{"taxonomy":"post_tag","embeddable":true,"href":"https:\/\/partediario.com.ar\/index.php?rest_route=%2Fwp%2Fv2%2Ftags&post=7537"}],"curies":[{"name":"wp","href":"https:\/\/api.w.org\/{rel}","templated":true}]}}