{"id":7548,"date":"2024-09-20T20:06:45","date_gmt":"2024-09-20T23:06:45","guid":{"rendered":"https:\/\/partediario.com.ar\/?p=7548"},"modified":"2024-09-21T12:19:54","modified_gmt":"2024-09-21T15:19:54","slug":"el-gobierno-le-contesto-al-papa-respetamos-su-opinion-pero-no-tenemos-por-que-compartirla","status":"publish","type":"post","link":"https:\/\/partediario.com.ar\/?p=7548","title":{"rendered":"El Gobierno le contest\u00f3 al Papa: \u00abRespetamos su opini\u00f3n, pero no tenemos por qu\u00e9 compartirla\u201d"},"content":{"rendered":"\n<h3 class=\"wp-block-heading\">Sobre la denuncia de Francisco en relaci\u00f3n a coimas de un funcionario, indicaron: \u00abSi hay un hecho que investigar se investigar\u00e1\u00bb.<\/h3>\n\n\n\n<p>El Gobierno se hizo eco de las cr\u00edticas del Papa Francisco contra la gesti\u00f3n de Javier Milei, en materia de seguridad, pero evit\u00f3 confrontar con la m\u00e1xima autoridad eclesi\u00e1stica en el mundo. \u201cEs su opini\u00f3n, la respetamos, pero no tenemos por qu\u00e9 compartlira\u201d, se\u00f1al\u00f3 el vocero presidencial, Manuel Adorni.<\/p>\n\n\n\n<p>En la habitual conferencia de prensa, el funcionario manifest\u00f3: \u201cEs la opini\u00f3n del Papa Francisco, la cual respetamos, escuchamos y hasta reflexionamos sobre lo que dice el Papa, pero no tenemos por qu\u00e9 compartir la visi\u00f3n que tiene sobre algunas cuestiones\u201d.<\/p>\n\n\n\n<p>\u201cEl respeto es total y absoluto por lo que pueda decir el Papa, con respecto a cualquier cosa\u201d, destac\u00f3.<\/p>\n\n\n\n<p>Consultado sobre la posibilidad de investigar potenciales pedidos de coimas de funcionarios libertarios, tal y como expuso Francisco, Adorni contest\u00f3: \u201cSi la Justicia as\u00ed lo considera, as\u00ed lo har\u00e1. Pero no s\u00e9 de d\u00f3nde viene el comentario. Si hay un hecho que haya que investigar, se va a investigar, por supuesto\u201d.<\/p>\n\n\n\n<p>Esta ma\u00f1ana el Sumo Pont\u00edfice, critic\u00f3 el protocolo de seguridad que aplica la administraci\u00f3n libertaria en el marco de las movilizaciones, y cuestion\u00f3: \u00abEn vez de pagar la justicia social pag\u00f3 el gas pimienta, le conven\u00eda\u00bb, dispar\u00f3.<\/p>\n\n\n\n<p>En otro pasaje de la conferencia, el vocero hizo alusi\u00f3n a las idas y vueltas de Milei para con la figura el Papa, tras los fuertes insultos que le propici\u00f3 en campa\u00f1a electoral, y afirm\u00f3 que se trata de \u201cuna discusi\u00f3n zanjada\u201d.<\/p>\n\n\n\n<p>Tambi\u00e9n se\u00f1al\u00f3 el buen v\u00ednculo que mentienen con el Sumo Pont\u00edfice, y destac\u00f3 la visita de la ministra de Capital Humano, Sandra Pettovello, al Vaticano. \u201cLa relaci\u00f3n con el Papa es fant\u00e1stica. Empecemos a aceptar que no opinamos igual en todos los temas, y bienvenido sea con \u00e9l o con cualquier otro l\u00edder mundial\u201d, cerr\u00f3.<\/p>\n","protected":false},"excerpt":{"rendered":"<p>Sobre la denuncia de Francisco en relaci&oacute;n a coimas de un funcionario, indicaron: &laquo;Si hay un hecho que investigar se investigar&aacute;&raquo;. El Gobierno se hizo eco de las cr&iacute;ticas del Papa Francisco contra la gesti&oacute;n de Javier Milei, en materia de seguridad, pero evit&oacute; confrontar con la m&aacute;xima autoridad eclesi&aacute;stica en el mundo. &ldquo;Es su [&hellip;]<\/p>\n","protected":false},"author":2,"featured_media":7549,"comment_status":"open","ping_status":"open","sticky":false,"template":"","format":"standard","meta":{"footnotes":""},"categories":[5,176],"tags":[232,646,336,3380],"class_list":["post-7548","post","type-post","status-publish","format-standard","has-post-thumbnail","hentry","category-nacionales","category-politica","tag-javier-milei","tag-manuel-adorni","tag-papa-francisco","tag-respuesta"],"_links":{"self":[{"href":"https:\/\/partediario.com.ar\/index.php?rest_route=\/wp\/v2\/posts\/7548","targetHints":{"allow":["GET"]}}],"collection":[{"href":"https:\/\/partediario.com.ar\/index.php?rest_route=\/wp\/v2\/posts"}],"about":[{"href":"https:\/\/partediario.com.ar\/index.php?rest_route=\/wp\/v2\/types\/post"}],"author":[{"embeddable":true,"href":"https:\/\/partediario.com.ar\/index.php?rest_route=\/wp\/v2\/users\/2"}],"replies":[{"embeddable":true,"href":"https:\/\/partediario.com.ar\/index.php?rest_route=%2Fwp%2Fv2%2Fcomments&post=7548"}],"version-history":[{"count":1,"href":"https:\/\/partediario.com.ar\/index.php?rest_route=\/wp\/v2\/posts\/7548\/revisions"}],"predecessor-version":[{"id":7550,"href":"https:\/\/partediario.com.ar\/index.php?rest_route=\/wp\/v2\/posts\/7548\/revisions\/7550"}],"wp:featuredmedia":[{"embeddable":true,"href":"https:\/\/partediario.com.ar\/index.php?rest_route=\/wp\/v2\/media\/7549"}],"wp:attachment":[{"href":"https:\/\/partediario.com.ar\/index.php?rest_route=%2Fwp%2Fv2%2Fmedia&parent=7548"}],"wp:term":[{"taxonomy":"category","embeddable":true,"href":"https:\/\/partediario.com.ar\/index.php?rest_route=%2Fwp%2Fv2%2Fcategories&post=7548"},{"taxonomy":"post_tag","embeddable":true,"href":"https:\/\/partediario.com.ar\/index.php?rest_route=%2Fwp%2Fv2%2Ftags&post=7548"}],"curies":[{"name":"wp","href":"https:\/\/api.w.org\/{rel}","templated":true}]}}