{"id":7593,"date":"2024-09-22T09:56:24","date_gmt":"2024-09-22T12:56:24","guid":{"rendered":"https:\/\/partediario.com.ar\/?p=7593"},"modified":"2024-09-22T11:09:20","modified_gmt":"2024-09-22T14:09:20","slug":"frigerio-visito-el-evento-de-inteligencia-artificial-que-se-desarrolla-en-parana","status":"publish","type":"post","link":"https:\/\/partediario.com.ar\/?p=7593","title":{"rendered":"Frigerio visit\u00f3 el evento de Inteligencia Artificial que se desarrolla en Paran\u00e1"},"content":{"rendered":"\n<h3 class=\"wp-block-heading\">El gobernador Rogelio Frigerio visit\u00f3 este s\u00e1bado el evento de Inteligencia Artificial m\u00e1s convocante de la provincia, que se desarrolla en La Vieja Usina, en Paran\u00e1. Se trata del Hakiaton, un espacio abierto al p\u00fablico sobre innovaci\u00f3n y entretenimiento para celebrar la llegada de la primavera.<\/h3>\n\n\n\n<p>En la oportunidad, el mandatario, destac\u00f3 el \u00abentusiasmo\u00bb de los participantes y resalt\u00f3 la importancia del evento porque \u00abtiene mucho que ver con los principios que queremos volver a despertar en nuestra provincia, la cultura del esfuerzo, del m\u00e9rito, del trabajo, pero adem\u00e1s con la modernidad que es algo que queremos, de alguna manera, imponer en nuestra provincia\u00bb.<\/p>\n\n\n\n<p>Puntualiz\u00f3 que esa impronta es \u00abque seamos una provincia moderna, que mantenga sus valores, sus tradiciones, que respete su historia tremendamente rica en nuestro pa\u00eds, pero que adem\u00e1s no le d\u00e9 la espalda a la modernidad y a herramientas como la Inteligencia Artificial que ya est\u00e1n presentes y que las podemos aprovechar\u00bb.<\/p>\n\n\n\n<p>\u00abSeguro que si seguimos por este camino, si rescatamos esos valores bien entrerrianos de la cultura, del m\u00e9rito, del trabajo, del esfuerzo y le agregamos la tecnolog\u00eda y la modernidad, vamos a volver a liderar la Argentina como lo hicimos en alg\u00fan momento en nuestra historia\u00bb, concluy\u00f3 Frigerio.<\/p>\n\n\n\n<p><\/p>\n\n\n\n<figure class=\"wp-block-image size-full\"><img loading=\"lazy\" decoding=\"async\" width=\"960\" height=\"640\" src=\"https:\/\/partediario.com.ar\/wp-content\/uploads\/VDF1352.jpg\" alt=\"\" class=\"wp-image-7595\" srcset=\"https:\/\/partediario.com.ar\/wp-content\/uploads\/VDF1352.jpg 960w, https:\/\/partediario.com.ar\/wp-content\/uploads\/VDF1352-300x200.jpg 300w, https:\/\/partediario.com.ar\/wp-content\/uploads\/VDF1352-768x512.jpg 768w\" sizes=\"auto, (max-width: 960px) 100vw, 960px\" \/><\/figure>\n\n\n\n<p><\/p>\n\n\n\n<p>Por su parte, el secretario de Modernizaci\u00f3n, Emanuel Gainza, precis\u00f3 que el evento es la cuarta jornada de capacitaci\u00f3n que comenz\u00f3 hace un mes, con 100 personas que fueron seleccionadas para capacitarse en IA. En ese marco, resalt\u00f3 que \u00ablo m\u00e1s importante, es que cada uno de los participantes se va a llevar de ac\u00e1 herramientas que van a permitir mejorar en el trabajo, en su d\u00eda a d\u00eda, sea quienes dise\u00f1en una pieza audiovisual, los que trabajen en comunicaci\u00f3n. Todos tienen un plus m\u00e1s que van a poder implementar en sus trabajos\u00bb.<\/p>\n\n\n\n<p>El evento es gratuito, abierto al p\u00fablico y se conjuga con el d\u00eda de la primavera, por lo cual cuenta con una diversificada agenda de actividades como charlas tech, talleres, gastronom\u00eda al aire libre, DJ &#8216;s en vivo, entre otros.<\/p>\n\n\n\n<p><strong>La jornada<\/strong><\/p>\n\n\n\n<p>La actividad comenz\u00f3 con una competencia entre creativos que dise\u00f1aron una campa\u00f1a de promoci\u00f3n tur\u00edstica para la provincia hecha 100 por ciento con herramientas de Inteligencia Artificial (IA). Mientras que, en horas de la tarde se realizar\u00e1n charlas abiertas al p\u00fablico, sobre diferentes temas relacionados al mundo de la IA, con especialistas en la tem\u00e1tica. Por \u00faltimo, se realizar\u00e1 la presentaci\u00f3n del equipo ganador del Hakiaton Entre R\u00edos 2024 y una charla con el secretario de Modernizaci\u00f3n, Emanuel Gainza, y el fundador de HakTeam, experto en la implementaci\u00f3n de IA en campa\u00f1as de comunicaci\u00f3n digital, Isidro Braillard Poccard.<\/p>\n\n\n\n<p><\/p>\n\n\n\n<figure class=\"wp-block-embed is-type-video is-provider-youtube wp-block-embed-youtube wp-embed-aspect-16-9 wp-has-aspect-ratio\"><div class=\"wp-block-embed__wrapper\">\n<iframe loading=\"lazy\" title=\"Frigerio visit\u00f3 el evento de Inteligencia Artificial que se desarrolla en Paran\u00e1 alta\" width=\"640\" height=\"360\" src=\"https:\/\/www.youtube.com\/embed\/7Y-vBYnEoDc?feature=oembed\" frameborder=\"0\" allow=\"accelerometer; autoplay; clipboard-write; encrypted-media; gyroscope; picture-in-picture; web-share\" referrerpolicy=\"strict-origin-when-cross-origin\" allowfullscreen><\/iframe>\n<\/div><\/figure>\n","protected":false},"excerpt":{"rendered":"<p>El gobernador Rogelio Frigerio visit&oacute; este s&aacute;bado el evento de Inteligencia Artificial m&aacute;s convocante de la provincia, que se desarrolla en La Vieja Usina, en Paran&aacute;. Se trata del Hakiaton, un espacio abierto al p&uacute;blico sobre innovaci&oacute;n y entretenimiento para celebrar la llegada de la primavera. En la oportunidad, el mandatario, destac&oacute; el &laquo;entusiasmo&raquo; de [&hellip;]<\/p>\n","protected":false},"author":2,"featured_media":7594,"comment_status":"open","ping_status":"open","sticky":false,"template":"","format":"standard","meta":{"footnotes":""},"categories":[176,8],"tags":[],"class_list":["post-7593","post","type-post","status-publish","format-standard","has-post-thumbnail","hentry","category-politica","category-provinciales"],"_links":{"self":[{"href":"https:\/\/partediario.com.ar\/index.php?rest_route=\/wp\/v2\/posts\/7593","targetHints":{"allow":["GET"]}}],"collection":[{"href":"https:\/\/partediario.com.ar\/index.php?rest_route=\/wp\/v2\/posts"}],"about":[{"href":"https:\/\/partediario.com.ar\/index.php?rest_route=\/wp\/v2\/types\/post"}],"author":[{"embeddable":true,"href":"https:\/\/partediario.com.ar\/index.php?rest_route=\/wp\/v2\/users\/2"}],"replies":[{"embeddable":true,"href":"https:\/\/partediario.com.ar\/index.php?rest_route=%2Fwp%2Fv2%2Fcomments&post=7593"}],"version-history":[{"count":1,"href":"https:\/\/partediario.com.ar\/index.php?rest_route=\/wp\/v2\/posts\/7593\/revisions"}],"predecessor-version":[{"id":7596,"href":"https:\/\/partediario.com.ar\/index.php?rest_route=\/wp\/v2\/posts\/7593\/revisions\/7596"}],"wp:featuredmedia":[{"embeddable":true,"href":"https:\/\/partediario.com.ar\/index.php?rest_route=\/wp\/v2\/media\/7594"}],"wp:attachment":[{"href":"https:\/\/partediario.com.ar\/index.php?rest_route=%2Fwp%2Fv2%2Fmedia&parent=7593"}],"wp:term":[{"taxonomy":"category","embeddable":true,"href":"https:\/\/partediario.com.ar\/index.php?rest_route=%2Fwp%2Fv2%2Fcategories&post=7593"},{"taxonomy":"post_tag","embeddable":true,"href":"https:\/\/partediario.com.ar\/index.php?rest_route=%2Fwp%2Fv2%2Ftags&post=7593"}],"curies":[{"name":"wp","href":"https:\/\/api.w.org\/{rel}","templated":true}]}}