{"id":7600,"date":"2024-09-22T10:18:14","date_gmt":"2024-09-22T13:18:14","guid":{"rendered":"https:\/\/partediario.com.ar\/?p=7600"},"modified":"2024-09-23T12:53:43","modified_gmt":"2024-09-23T15:53:43","slug":"milei-se-reunira-con-periodistas-del-new-york-times-en-su-primera-actividad-en-estados-unidos","status":"publish","type":"post","link":"https:\/\/partediario.com.ar\/?p=7600","title":{"rendered":"Milei se reunir\u00e1 con periodistas del New York Times en su primera actividad en Estados Unidos"},"content":{"rendered":"\n<h3 class=\"wp-block-heading\">En el inicio de su nueva visita a Estados Unidos, el presidente Javier Milei mantendr\u00e1 una reuni\u00f3n hoy con periodistas del New York Times, en lo que ser\u00e1 su primera actividad. El encuentro est\u00e1 previsto para las 20.00, hora de la Argentina, en la sede del prestigioso diario del pa\u00eds del norte.<\/h3>\n\n\n\n<p>Milei lleg\u00f3 anoche a Nueva York, donde expondr\u00e1 en la 79\u00b0 Asamblea General de las Naciones Unidas (ONU). La delegaci\u00f3n que lo acompa\u00f1a est\u00e1 conformada por el ministro de Econom\u00eda, Luis Caputo; la ministra de Seguridad, Patricia Bullrich; la secretaria General de la Presidencia, Karina Milei; y la canciller, Diana Mondino.<\/p>\n\n\n\n<p><strong>La agenda<\/strong><\/p>\n\n\n\n<p>El lunes por la ma\u00f1ana participar\u00e1 de la apertura de la jornada burs\u00e1til en la Bolsa de Valores de Nueva York, donde disertar\u00e1 ante inversores y realizar\u00e1 el tradicional toque de campana que indica el inicio de operaciones.<\/p>\n\n\n\n<p>En su sexta visita a EEUU, volver\u00e1 a encontrarse con el Director Ejecutivo de Tesla, Elon Musk, con quien mantiene un s\u00f3lido v\u00ednculo.<\/p>\n\n\n\n<p>Milei cerrar\u00e1 la jornada del lunes con una exposici\u00f3n de poco m\u00e1s de 10 minutos ante autoridades del Consejo de Relaciones Exteriores de Estados Unidos.<\/p>\n\n\n\n<p>El martes, antes de la Asamblea de la ONU, el presidente argentino se reunir\u00e1 a las 15 con el vicepresidente de Pol\u00edtica Global y Asuntos Gubernamentales de Google, Karan Bhatia.<\/p>\n\n\n\n<p>A las 16, tomar\u00e1 la palabra por primera vez en la 79\u00b0 Asamblea General de las Naciones Unidas.<\/p>\n\n\n\n<p>Como \u00faltimas actividades, se entrevistar\u00e1 con su hom\u00f3logo de Ecuador, Daniel Noboa, y a posterior, con la presidenta de la Comisi\u00f3n Europea, \u00darsula von der Leyen.<\/p>\n\n\n\n<p>Est\u00e1 previsto que el mi\u00e9rcoles a primera hora la delegaci\u00f3n presidencial retorne a la Argentina.<\/p>\n","protected":false},"excerpt":{"rendered":"<p>En el inicio de su nueva visita a Estados Unidos, el presidente Javier Milei mantendr&aacute; una reuni&oacute;n hoy con periodistas del New York Times, en lo que ser&aacute; su primera actividad. El encuentro est&aacute; previsto para las 20.00, hora de la Argentina, en la sede del prestigioso diario del pa&iacute;s del norte. Milei lleg&oacute; anoche [&hellip;]<\/p>\n","protected":false},"author":2,"featured_media":7601,"comment_status":"open","ping_status":"open","sticky":false,"template":"","format":"standard","meta":{"footnotes":""},"categories":[5,176],"tags":[467,232,118,3395],"class_list":["post-7600","post","type-post","status-publish","format-standard","has-post-thumbnail","hentry","category-nacionales","category-politica","tag-estados-unidos","tag-javier-milei","tag-new-york","tag-periodistas"],"_links":{"self":[{"href":"https:\/\/partediario.com.ar\/index.php?rest_route=\/wp\/v2\/posts\/7600","targetHints":{"allow":["GET"]}}],"collection":[{"href":"https:\/\/partediario.com.ar\/index.php?rest_route=\/wp\/v2\/posts"}],"about":[{"href":"https:\/\/partediario.com.ar\/index.php?rest_route=\/wp\/v2\/types\/post"}],"author":[{"embeddable":true,"href":"https:\/\/partediario.com.ar\/index.php?rest_route=\/wp\/v2\/users\/2"}],"replies":[{"embeddable":true,"href":"https:\/\/partediario.com.ar\/index.php?rest_route=%2Fwp%2Fv2%2Fcomments&post=7600"}],"version-history":[{"count":1,"href":"https:\/\/partediario.com.ar\/index.php?rest_route=\/wp\/v2\/posts\/7600\/revisions"}],"predecessor-version":[{"id":7602,"href":"https:\/\/partediario.com.ar\/index.php?rest_route=\/wp\/v2\/posts\/7600\/revisions\/7602"}],"wp:featuredmedia":[{"embeddable":true,"href":"https:\/\/partediario.com.ar\/index.php?rest_route=\/wp\/v2\/media\/7601"}],"wp:attachment":[{"href":"https:\/\/partediario.com.ar\/index.php?rest_route=%2Fwp%2Fv2%2Fmedia&parent=7600"}],"wp:term":[{"taxonomy":"category","embeddable":true,"href":"https:\/\/partediario.com.ar\/index.php?rest_route=%2Fwp%2Fv2%2Fcategories&post=7600"},{"taxonomy":"post_tag","embeddable":true,"href":"https:\/\/partediario.com.ar\/index.php?rest_route=%2Fwp%2Fv2%2Ftags&post=7600"}],"curies":[{"name":"wp","href":"https:\/\/api.w.org\/{rel}","templated":true}]}}