{"id":7616,"date":"2024-09-22T13:29:46","date_gmt":"2024-09-22T16:29:46","guid":{"rendered":"https:\/\/partediario.com.ar\/?p=7616"},"modified":"2024-09-25T08:57:04","modified_gmt":"2024-09-25T11:57:04","slug":"grave-situacion-en-san-esteban-los-cocos-la-cumbre-y-capilla-del-monte-denuncian-poca-respuesta-del-gobierno-de-cordoba","status":"publish","type":"post","link":"https:\/\/partediario.com.ar\/?p=7616","title":{"rendered":"Grave situaci\u00f3n en San Esteban, Los Cocos La Cumbre y Capilla del Monte. Denuncian poca respuesta del gobierno de C\u00f3rdoba"},"content":{"rendered":"\n<p class=\"has-medium-font-size\"><strong>Los incendios en la localidad de Capilla del Monte, provincia de C\u00f3rdoba se extendieron de forma descontrolada por la fuerza del viento.<\/strong><\/p>\n\n\n\n<p>En estos momentos, se encuentran combatiendo los focos activos en varias localidades, mientras ya se incendiaron 24 casas y, adem\u00e1s, detuvieron a un joven de 19 a\u00f1os por ser considerado un nuevo sospechoso.<\/p>\n\n\n\n<p>El secretario de Gesti\u00f3n de Riesgo Clim\u00e1tico, Cat\u00e1strofes y Protecci\u00f3n Civil, Roberto Schreiner, se\u00f1al\u00f3 que los habitantes evacuados fueron trasladados a hoteles y caba\u00f1as. \u201cVa a llevar varias horas m\u00e1s de trabajo por las complicaciones del viento\u201d, alert\u00f3 el funcionario.<\/p>\n\n\n\n<p>Una dotaci\u00f3n de 300 Bomberos lleva adelante el operativo en Villa Berna y Sansacate, inform\u00f3 el gobierno provincial, esta ma\u00f1ana. A las tareas se sumaron efectivos de \u201cETAC, Polic\u00eda, Defensa Civil y Plan Provincial de Manejo del Fuego\u201d.<\/p>\n\n\n\n<p><\/p>\n\n\n\n<figure class=\"wp-block-image size-full\"><img loading=\"lazy\" decoding=\"async\" width=\"980\" height=\"640\" src=\"https:\/\/partediario.com.ar\/wp-content\/uploads\/TRC72T4W25EPVK7DQSX23TUSDM.avif\" alt=\"\" class=\"wp-image-7619\" srcset=\"https:\/\/partediario.com.ar\/wp-content\/uploads\/TRC72T4W25EPVK7DQSX23TUSDM.avif 980w, https:\/\/partediario.com.ar\/wp-content\/uploads\/TRC72T4W25EPVK7DQSX23TUSDM-300x196.avif 300w, https:\/\/partediario.com.ar\/wp-content\/uploads\/TRC72T4W25EPVK7DQSX23TUSDM-768x502.avif 768w\" sizes=\"auto, (max-width: 980px) 100vw, 980px\" \/><\/figure>\n\n\n\n<p><\/p>\n\n\n\n<p>\u201cLos aviones hidrantes ya est\u00e1n operando para reforzar los trabajos por tierra con aplicaciones a\u00e9reas. No hay registro de posibles precipitaciones, estas condiciones clim\u00e1ticas elevan el riesgo de incendio a su m\u00e1ximo rango: extremo, en todo el territorio provincial\u201d, publicaron en las redes sociales.<\/p>\n\n\n\n<p>Mientras tanto vecinos del lugar destacan que casi no hay ayuda del gobierno de la provincia de C\u00f3rdoba, los lugare\u00f1os apenas vieron 1 helic\u00f3ptero trabajando en el lugar, durante la tarde de ayer, se hizo un pedido de mas ayuda desde Capilla del Monte, y no hubo respuesta del gobierno de la provincia.<\/p>\n\n\n\n<p>Hay bomberos que hace 72 horas y m\u00e1s qye estan en la zona de fuego, muchos sin agua, sin pilas para las linternas y con muy pocos recursos.<\/p>\n\n\n\n<p><strong>Audio de bomberos y vecinos ayer por la tarde en Capilla del Monte<\/strong><\/p>\n\n\n\n<figure class=\"wp-block-audio\"><audio controls src=\"https:\/\/partediario.com.ar\/wp-content\/uploads\/WhatsApp-Audio-2024-09-21-at-23.45.34.ogg\"><\/audio><\/figure>\n","protected":false},"excerpt":{"rendered":"<p>Los incendios en la localidad de Capilla del Monte, provincia de C&oacute;rdoba se extendieron de forma descontrolada por la fuerza del viento. En estos momentos, se encuentran combatiendo los focos activos en varias localidades, mientras ya se incendiaron 24 casas y, adem&aacute;s, detuvieron a un joven de 19 a&ntilde;os por ser considerado un nuevo sospechoso. [&hellip;]<\/p>\n","protected":false},"author":2,"featured_media":7618,"comment_status":"open","ping_status":"open","sticky":false,"template":"","format":"standard","meta":{"footnotes":""},"categories":[5,7],"tags":[],"class_list":["post-7616","post","type-post","status-publish","format-standard","has-post-thumbnail","hentry","category-nacionales","category-policiales"],"_links":{"self":[{"href":"https:\/\/partediario.com.ar\/index.php?rest_route=\/wp\/v2\/posts\/7616","targetHints":{"allow":["GET"]}}],"collection":[{"href":"https:\/\/partediario.com.ar\/index.php?rest_route=\/wp\/v2\/posts"}],"about":[{"href":"https:\/\/partediario.com.ar\/index.php?rest_route=\/wp\/v2\/types\/post"}],"author":[{"embeddable":true,"href":"https:\/\/partediario.com.ar\/index.php?rest_route=\/wp\/v2\/users\/2"}],"replies":[{"embeddable":true,"href":"https:\/\/partediario.com.ar\/index.php?rest_route=%2Fwp%2Fv2%2Fcomments&post=7616"}],"version-history":[{"count":1,"href":"https:\/\/partediario.com.ar\/index.php?rest_route=\/wp\/v2\/posts\/7616\/revisions"}],"predecessor-version":[{"id":7621,"href":"https:\/\/partediario.com.ar\/index.php?rest_route=\/wp\/v2\/posts\/7616\/revisions\/7621"}],"wp:featuredmedia":[{"embeddable":true,"href":"https:\/\/partediario.com.ar\/index.php?rest_route=\/wp\/v2\/media\/7618"}],"wp:attachment":[{"href":"https:\/\/partediario.com.ar\/index.php?rest_route=%2Fwp%2Fv2%2Fmedia&parent=7616"}],"wp:term":[{"taxonomy":"category","embeddable":true,"href":"https:\/\/partediario.com.ar\/index.php?rest_route=%2Fwp%2Fv2%2Fcategories&post=7616"},{"taxonomy":"post_tag","embeddable":true,"href":"https:\/\/partediario.com.ar\/index.php?rest_route=%2Fwp%2Fv2%2Ftags&post=7616"}],"curies":[{"name":"wp","href":"https:\/\/api.w.org\/{rel}","templated":true}]}}