{"id":7625,"date":"2024-09-23T11:57:56","date_gmt":"2024-09-23T14:57:56","guid":{"rendered":"https:\/\/partediario.com.ar\/?p=7625"},"modified":"2024-09-25T08:56:50","modified_gmt":"2024-09-25T11:56:50","slug":"increparon-a-grabois-en-el-aeropuerto-de-ezeiza-nunca-me-van-a-callar-dijo-visiblemente-molesto","status":"publish","type":"post","link":"https:\/\/partediario.com.ar\/?p=7625","title":{"rendered":"Increparon a Grabois en el aeropuerto de Ezeiza: \u00abNunca me van a callar\u00bb, dijo visiblemente molesto"},"content":{"rendered":"\n<h3 class=\"wp-block-heading\">El dirigente social retorn\u00f3 de Italia tras su visita al Papa Francisco. Una persona lo increp\u00f3 en la terminal a\u00e9rea y \u00e9l le contest\u00f3: \u00abAlguien que me diga a qui\u00e9n le rob\u00e9\u00bb.<\/h3>\n\n\n\n<p>Este lunes por la ma\u00f1ana, el dirigente social Juan Grabois sufri\u00f3 un escrache en el aeropuerto Internacional de Ezeiza, donde fue insultado y atacado por personas que se encontraban en el lugar cuando este retornaba de su viaje a la capital de Italia, donde viaj\u00f3 para realizar una actividad junto al Papa Francisco.<\/p>\n\n\n\n<p>\u00ab\u00bfA qui\u00e9n le rob\u00e9 se\u00f1ora, a qui\u00e9n?\u00bb, cuestionaba el dirigente frente a los insultos de los presentes, quienes lo calificaron de \u00abchorro\u00bb y le replicaban que le robaba \u00aba los pobres\u00bb.<\/p>\n\n\n\n<p>La tensi\u00f3n que se gener\u00f3 en el sector de arribos, y continu\u00f3 escalando, finalizando en el estacionamiento del aeropuerto, donde las personas le gritaban: \u00abAnd\u00e1 a trabajar\u00bb.<\/p>\n\n\n\n<p>\u00abAnd\u00e1 a trabajar vos, yo verg\u00fcenza no tengo\u00bb, respondi\u00f3 el dirigente social que regresaba de visitar al Sumo Pont\u00edfice. Pocos segundos despu\u00e9s, un hombre se acerc\u00f3 hasta el auto donde se encontraba Grabois y lanz\u00f3: \u00abA vos no te vot\u00f3 nadie, le fuiste a mentir al Papa, no le contaste la verdad de nada\u00bb.<\/p>\n\n\n\n<p>Efectivos de la Polic\u00eda Aeroportuaria de Seguridad (PSA) intervinieron y se impusieron entre el abogado y las personas que lo insultaban para evitar que el conflicto escale a una agresi\u00f3n f\u00edsica.<\/p>\n\n\n\n<p><\/p>\n\n\n\n<blockquote class=\"twitter-tweet\"><p lang=\"es\" dir=\"ltr\">Sigan intentando. Nunca me van a correr de ning\u00fan aeropuerto. Nunca me van a callar. Nosotros no nos rendimos nunca.<\/p>&mdash; Juan Grabois (@JuanGrabois) <a href=\"https:\/\/twitter.com\/JuanGrabois\/status\/1838187397906833621?ref_src=twsrc%5Etfw\">September 23, 2024<\/a><\/blockquote> <script async src=\"https:\/\/platform.twitter.com\/widgets.js\" charset=\"utf-8\"><\/script>\n\n\n\n<p><\/p>\n\n\n\n<p>\u00abSigan intentando, nunca me van a correr de ning\u00fan aeropuerto, nunca me van a callar, nosotros no nos rendimos nunca\u00bb, apunt\u00f3 el dirigente social al respecto desde su cuenta oficial de X.<\/p>\n\n\n\n<p>Al momento del escrache Grabois se encontraba regresando desde Italia, donde el viernes particip\u00f3 de una actividad en el Vaticano, convocada por el Papa Francisco, junto a otros referentes sociales de la regi\u00f3n.<\/p>\n","protected":false},"excerpt":{"rendered":"<p>El dirigente social retorn&oacute; de Italia tras su visita al Papa Francisco. Una persona lo increp&oacute; en la terminal a&eacute;rea y &eacute;l le contest&oacute;: &laquo;Alguien que me diga a qui&eacute;n le rob&eacute;&raquo;. Este lunes por la ma&ntilde;ana, el dirigente social Juan Grabois sufri&oacute; un escrache en el aeropuerto Internacional de Ezeiza, donde fue insultado y [&hellip;]<\/p>\n","protected":false},"author":2,"featured_media":7626,"comment_status":"open","ping_status":"open","sticky":false,"template":"","format":"standard","meta":{"footnotes":""},"categories":[5,7],"tags":[1917,3405,395,336],"class_list":["post-7625","post","type-post","status-publish","format-standard","has-post-thumbnail","hentry","category-nacionales","category-policiales","tag-ezeiza","tag-increparon","tag-juan-grabois","tag-papa-francisco"],"_links":{"self":[{"href":"https:\/\/partediario.com.ar\/index.php?rest_route=\/wp\/v2\/posts\/7625","targetHints":{"allow":["GET"]}}],"collection":[{"href":"https:\/\/partediario.com.ar\/index.php?rest_route=\/wp\/v2\/posts"}],"about":[{"href":"https:\/\/partediario.com.ar\/index.php?rest_route=\/wp\/v2\/types\/post"}],"author":[{"embeddable":true,"href":"https:\/\/partediario.com.ar\/index.php?rest_route=\/wp\/v2\/users\/2"}],"replies":[{"embeddable":true,"href":"https:\/\/partediario.com.ar\/index.php?rest_route=%2Fwp%2Fv2%2Fcomments&post=7625"}],"version-history":[{"count":2,"href":"https:\/\/partediario.com.ar\/index.php?rest_route=\/wp\/v2\/posts\/7625\/revisions"}],"predecessor-version":[{"id":7628,"href":"https:\/\/partediario.com.ar\/index.php?rest_route=\/wp\/v2\/posts\/7625\/revisions\/7628"}],"wp:featuredmedia":[{"embeddable":true,"href":"https:\/\/partediario.com.ar\/index.php?rest_route=\/wp\/v2\/media\/7626"}],"wp:attachment":[{"href":"https:\/\/partediario.com.ar\/index.php?rest_route=%2Fwp%2Fv2%2Fmedia&parent=7625"}],"wp:term":[{"taxonomy":"category","embeddable":true,"href":"https:\/\/partediario.com.ar\/index.php?rest_route=%2Fwp%2Fv2%2Fcategories&post=7625"},{"taxonomy":"post_tag","embeddable":true,"href":"https:\/\/partediario.com.ar\/index.php?rest_route=%2Fwp%2Fv2%2Ftags&post=7625"}],"curies":[{"name":"wp","href":"https:\/\/api.w.org\/{rel}","templated":true}]}}