{"id":7657,"date":"2024-09-24T12:44:03","date_gmt":"2024-09-24T15:44:03","guid":{"rendered":"https:\/\/partediario.com.ar\/?p=7657"},"modified":"2024-09-26T13:08:10","modified_gmt":"2024-09-26T16:08:10","slug":"horacio-rosatti-fue-reelecto-en-la-corte-suprema-por-un-nuevo-periodo-de-tres-anos","status":"publish","type":"post","link":"https:\/\/partediario.com.ar\/?p=7657","title":{"rendered":"Horacio Rosatti fue reelecto en la Corte Suprema por un nuevo per\u00edodo de tres a\u00f1os"},"content":{"rendered":"\n<h3 class=\"wp-block-heading\">Rosatti result\u00f3 reelecto con los votos de los ministros Carlos Rosenkrantz y Juan Carlos Maqueda, por su parte Ricardo Lorenzetti se abstuvo.<\/h3>\n\n\n\n<p>El actual presidente de la Corte Suprema de Justicia de la Naci\u00f3n Horacio Rosatti fue reelecto hoy por un nuevo per\u00edodo de tres a\u00f1os de mandato en el m\u00e1ximo tribunal del pa\u00eds, en una votaci\u00f3n de sus integrantes.<\/p>\n\n\n\n<p>Rosatti result\u00f3 reelecto con los votos de los ministros Carlos Rosenkrantz y Juan Carlos Maqueda mientras que Ricardo Lorenzetti se abstuvo, informaron fuentes judiciales. Rosenkrantz seguir\u00e1 en su actual cargo como Vicepresidente de la Corte.<\/p>\n\n\n\n<p>Maqueda dejar\u00e1 su cargo a fin de a\u00f1o, ya que cumplir\u00e1 75 a\u00f1os, edad m\u00e1xima prevista para seguir con el ejercicio de la magistratura.<\/p>\n\n\n\n<p>Noticia en desarrollo.<\/p>\n","protected":false},"excerpt":{"rendered":"<p>Rosatti result&oacute; reelecto con los votos de los ministros Carlos Rosenkrantz y Juan Carlos Maqueda, por su parte Ricardo Lorenzetti se abstuvo. El actual presidente de la Corte Suprema de Justicia de la Naci&oacute;n Horacio Rosatti fue reelecto hoy por un nuevo per&iacute;odo de tres a&ntilde;os de mandato en el m&aacute;ximo tribunal del pa&iacute;s, en [&hellip;]<\/p>\n","protected":false},"author":2,"featured_media":7658,"comment_status":"open","ping_status":"open","sticky":false,"template":"","format":"standard","meta":{"footnotes":""},"categories":[979,5],"tags":[877,3420,3421],"class_list":["post-7657","post","type-post","status-publish","format-standard","has-post-thumbnail","hentry","category-judiciales","category-nacionales","tag-corte-suprema","tag-hector-rosatti","tag-reelecto"],"_links":{"self":[{"href":"https:\/\/partediario.com.ar\/index.php?rest_route=\/wp\/v2\/posts\/7657","targetHints":{"allow":["GET"]}}],"collection":[{"href":"https:\/\/partediario.com.ar\/index.php?rest_route=\/wp\/v2\/posts"}],"about":[{"href":"https:\/\/partediario.com.ar\/index.php?rest_route=\/wp\/v2\/types\/post"}],"author":[{"embeddable":true,"href":"https:\/\/partediario.com.ar\/index.php?rest_route=\/wp\/v2\/users\/2"}],"replies":[{"embeddable":true,"href":"https:\/\/partediario.com.ar\/index.php?rest_route=%2Fwp%2Fv2%2Fcomments&post=7657"}],"version-history":[{"count":1,"href":"https:\/\/partediario.com.ar\/index.php?rest_route=\/wp\/v2\/posts\/7657\/revisions"}],"predecessor-version":[{"id":7659,"href":"https:\/\/partediario.com.ar\/index.php?rest_route=\/wp\/v2\/posts\/7657\/revisions\/7659"}],"wp:featuredmedia":[{"embeddable":true,"href":"https:\/\/partediario.com.ar\/index.php?rest_route=\/wp\/v2\/media\/7658"}],"wp:attachment":[{"href":"https:\/\/partediario.com.ar\/index.php?rest_route=%2Fwp%2Fv2%2Fmedia&parent=7657"}],"wp:term":[{"taxonomy":"category","embeddable":true,"href":"https:\/\/partediario.com.ar\/index.php?rest_route=%2Fwp%2Fv2%2Fcategories&post=7657"},{"taxonomy":"post_tag","embeddable":true,"href":"https:\/\/partediario.com.ar\/index.php?rest_route=%2Fwp%2Fv2%2Ftags&post=7657"}],"curies":[{"name":"wp","href":"https:\/\/api.w.org\/{rel}","templated":true}]}}