{"id":7660,"date":"2024-09-24T12:48:35","date_gmt":"2024-09-24T15:48:35","guid":{"rendered":"https:\/\/partediario.com.ar\/?p=7660"},"modified":"2024-09-24T12:48:36","modified_gmt":"2024-09-24T15:48:36","slug":"los-restos-mortales-de-la-tota-santillan-descansaran-al-lado-de-rodrigo-bueno","status":"publish","type":"post","link":"https:\/\/partediario.com.ar\/?p=7660","title":{"rendered":"Los restos mortales de La Tota Santill\u00e1n descansar\u00e1n al lado de Rodrigo Bueno"},"content":{"rendered":"\n<h2 class=\"wp-block-heading\">El conductor hab\u00eda pedido a sus familiares poder estar al lado de su amigo en el caso de fallecer.<\/h2>\n\n\n\n<p>Ricardo Car\u00edas, m\u00e1s conocido como La Tota Santill\u00e1n, falleci\u00f3 el domingo tras sufrir un incendio en su casa, el cual se est\u00e1 investigando si fue provocado por \u00e9l o si fue accidental.<\/p>\n\n\n\n<p>\u00abEstaba bien. Yo hab\u00eda quedado que \u00e9l ven\u00eda a vivir otra vez a casa, pero bueno\u2026 no me esper\u00f3. Pero esto es un accidente\u00bb, se\u00f1al\u00f3 su hermano Horacio durante el \u00faltimo adi\u00f3s al conductor, de 57 a\u00f1os.<\/p>\n\n\n\n<p>Cabe recordar que la popularidad de La Tota lleg\u00f3 de la mano de Rodrigo Bueno. Cuando el cantante hac\u00eda sus shows, el conductor lo presentaba y lo hac\u00eda como nadie. Adem\u00e1s de compartir el trabajo, ellos fueron grandes amigos, por eso la muerte del cantante peg\u00f3 tan fuerte en La Tota, que permanentemente ped\u00eda \u00abprohibido olvidar\u00bb.<\/p>\n\n\n\n<p>Con la partida de Rodrigo, el conductor de la movida tropical dijo que cuando le llegara el d\u00eda, lo enterraran al lado de su amigo. Por eso su hermano Horacio movi\u00f3 todos sus contactos para cumplir con el \u00faltimo deseo de La Tota, quien finalmente descansar\u00e1 en el Cementerio Las Praderas, de la provincia de Buenos Aires.<\/p>\n\n\n\n<p>Rodrigo Bueno falleci\u00f3 en el a\u00f1o 2000 en un tr\u00e1gico accidente que conmovi\u00f3 a todo el pa\u00eds ya que el cantante estaba en pleno auge de su carrera musical. En una entrevista, Santill\u00e1n hab\u00eda dicho en la oportunidad que se le vino el mundo abajo: \u201cEn el momento que ocurri\u00f3 el accidente, yo estaba en Mor\u00f3n, en una discusi\u00f3n con mi pareja y, de alguna manera, lo predije. Me llam\u00f3 Ricardo Casquero, despu\u00e9s el m\u00e1s crudo de los llamados fue el de Mayol que me dijo: \u2018Se muri\u00f3 tu amigo\u2019. Ah\u00ed se me vino el mundo abajo. Lo abrac\u00e9 en el asfalto, le dije que se ten\u00eda que levantar para irnos a trabajar\u201d, cont\u00f3.<\/p>\n","protected":false},"excerpt":{"rendered":"<p>El conductor hab&iacute;a pedido a sus familiares poder estar al lado de su amigo en el caso de fallecer. Ricardo Car&iacute;as, m&aacute;s conocido como La Tota Santill&aacute;n, falleci&oacute; el domingo tras sufrir un incendio en su casa, el cual se est&aacute; investigando si fue provocado por &eacute;l o si fue accidental. &laquo;Estaba bien. Yo hab&iacute;a [&hellip;]<\/p>\n","protected":false},"author":2,"featured_media":7661,"comment_status":"open","ping_status":"open","sticky":false,"template":"","format":"standard","meta":{"footnotes":""},"categories":[726],"tags":[3423,3422],"class_list":["post-7660","post","type-post","status-publish","format-standard","has-post-thumbnail","hentry","category-sociedad","tag-rodrigo-bueno","tag-tota-santillan"],"_links":{"self":[{"href":"https:\/\/partediario.com.ar\/index.php?rest_route=\/wp\/v2\/posts\/7660","targetHints":{"allow":["GET"]}}],"collection":[{"href":"https:\/\/partediario.com.ar\/index.php?rest_route=\/wp\/v2\/posts"}],"about":[{"href":"https:\/\/partediario.com.ar\/index.php?rest_route=\/wp\/v2\/types\/post"}],"author":[{"embeddable":true,"href":"https:\/\/partediario.com.ar\/index.php?rest_route=\/wp\/v2\/users\/2"}],"replies":[{"embeddable":true,"href":"https:\/\/partediario.com.ar\/index.php?rest_route=%2Fwp%2Fv2%2Fcomments&post=7660"}],"version-history":[{"count":1,"href":"https:\/\/partediario.com.ar\/index.php?rest_route=\/wp\/v2\/posts\/7660\/revisions"}],"predecessor-version":[{"id":7662,"href":"https:\/\/partediario.com.ar\/index.php?rest_route=\/wp\/v2\/posts\/7660\/revisions\/7662"}],"wp:featuredmedia":[{"embeddable":true,"href":"https:\/\/partediario.com.ar\/index.php?rest_route=\/wp\/v2\/media\/7661"}],"wp:attachment":[{"href":"https:\/\/partediario.com.ar\/index.php?rest_route=%2Fwp%2Fv2%2Fmedia&parent=7660"}],"wp:term":[{"taxonomy":"category","embeddable":true,"href":"https:\/\/partediario.com.ar\/index.php?rest_route=%2Fwp%2Fv2%2Fcategories&post=7660"},{"taxonomy":"post_tag","embeddable":true,"href":"https:\/\/partediario.com.ar\/index.php?rest_route=%2Fwp%2Fv2%2Ftags&post=7660"}],"curies":[{"name":"wp","href":"https:\/\/api.w.org\/{rel}","templated":true}]}}