{"id":7669,"date":"2024-09-24T15:54:55","date_gmt":"2024-09-24T18:54:55","guid":{"rendered":"https:\/\/partediario.com.ar\/?p=7669"},"modified":"2024-09-24T15:54:55","modified_gmt":"2024-09-24T18:54:55","slug":"frigerio-presidio-una-nueva-reunion-de-gabinete","status":"publish","type":"post","link":"https:\/\/partediario.com.ar\/?p=7669","title":{"rendered":"Frigerio presidi\u00f3 una nueva reuni\u00f3n de gabinete"},"content":{"rendered":"\n<h3 class=\"wp-block-heading\">Obras a ejecutarse en distintos departamentos de la provincia, el presupuesto 2025 y la discusi\u00f3n salarial con los docente fueron los principales temas tratados en la reuni\u00f3n de gabinete que se realiz\u00f3 este martes, presidida por el gobernador Rogelio Frigerio.<\/h3>\n\n\n\n<p>Al t\u00e9rmino del encuentro que tuvo lugar en el Sal\u00f3n de los Gobernadores, la vicegobernadora Alicia Aluani mencion\u00f3 que el suministro de agua para la ciudad de Victoria tambi\u00e9n fue tema de la reuni\u00f3n, atento a que se complica por la bajante del r\u00edo Paran\u00e1, y que se est\u00e1 trabajando para darle soluci\u00f3n.<\/p>\n\n\n\n<p>Tras hacer referencia a que adem\u00e1s se habl\u00f3 sobre el presupuesto 2025 y de las obras a ejecutarse en distintos departamentos, como as\u00ed tambi\u00e9n de inversiones y de agilizaci\u00f3n de tr\u00e1mites para un mejor funcionamiento de la administraci\u00f3n p\u00fablica, la titular del Senado entrerriano agreg\u00f3 que la discusi\u00f3n salarial con los docentes ocup\u00f3 la atenci\u00f3n de las autoridades por ser un tema prioritario para el gobierno provincial.<\/p>\n\n\n\n<p>\u00abEstas reuniones son muy fruct\u00edferas porque uno puede intercambiar opiniones y saber c\u00f3mo se encuentran los distintos ministerios\u00bb, concluy\u00f3 Aluani.<\/p>\n\n\n\n<p><\/p>\n\n\n\n<figure class=\"wp-block-embed is-type-video is-provider-youtube wp-block-embed-youtube wp-embed-aspect-16-9 wp-has-aspect-ratio\"><div class=\"wp-block-embed__wrapper\">\n<iframe loading=\"lazy\" title=\"Frigerio presidi\u00f3 una nueva reuni\u00f3n de gabinete\" width=\"640\" height=\"360\" src=\"https:\/\/www.youtube.com\/embed\/3PyHxfLIWKg?feature=oembed\" frameborder=\"0\" allow=\"accelerometer; autoplay; clipboard-write; encrypted-media; gyroscope; picture-in-picture; web-share\" referrerpolicy=\"strict-origin-when-cross-origin\" allowfullscreen><\/iframe>\n<\/div><\/figure>\n","protected":false},"excerpt":{"rendered":"<p>Obras a ejecutarse en distintos departamentos de la provincia, el presupuesto 2025 y la discusi&oacute;n salarial con los docente fueron los principales temas tratados en la reuni&oacute;n de gabinete que se realiz&oacute; este martes, presidida por el gobernador Rogelio Frigerio. Al t&eacute;rmino del encuentro que tuvo lugar en el Sal&oacute;n de los Gobernadores, la vicegobernadora [&hellip;]<\/p>\n","protected":false},"author":2,"featured_media":7670,"comment_status":"open","ping_status":"open","sticky":false,"template":"","format":"standard","meta":{"footnotes":""},"categories":[176,8],"tags":[944,257,245],"class_list":["post-7669","post","type-post","status-publish","format-standard","has-post-thumbnail","hentry","category-politica","category-provinciales","tag-alicia-aluani","tag-entre-rios","tag-rogelio-frigerio"],"_links":{"self":[{"href":"https:\/\/partediario.com.ar\/index.php?rest_route=\/wp\/v2\/posts\/7669","targetHints":{"allow":["GET"]}}],"collection":[{"href":"https:\/\/partediario.com.ar\/index.php?rest_route=\/wp\/v2\/posts"}],"about":[{"href":"https:\/\/partediario.com.ar\/index.php?rest_route=\/wp\/v2\/types\/post"}],"author":[{"embeddable":true,"href":"https:\/\/partediario.com.ar\/index.php?rest_route=\/wp\/v2\/users\/2"}],"replies":[{"embeddable":true,"href":"https:\/\/partediario.com.ar\/index.php?rest_route=%2Fwp%2Fv2%2Fcomments&post=7669"}],"version-history":[{"count":1,"href":"https:\/\/partediario.com.ar\/index.php?rest_route=\/wp\/v2\/posts\/7669\/revisions"}],"predecessor-version":[{"id":7671,"href":"https:\/\/partediario.com.ar\/index.php?rest_route=\/wp\/v2\/posts\/7669\/revisions\/7671"}],"wp:featuredmedia":[{"embeddable":true,"href":"https:\/\/partediario.com.ar\/index.php?rest_route=\/wp\/v2\/media\/7670"}],"wp:attachment":[{"href":"https:\/\/partediario.com.ar\/index.php?rest_route=%2Fwp%2Fv2%2Fmedia&parent=7669"}],"wp:term":[{"taxonomy":"category","embeddable":true,"href":"https:\/\/partediario.com.ar\/index.php?rest_route=%2Fwp%2Fv2%2Fcategories&post=7669"},{"taxonomy":"post_tag","embeddable":true,"href":"https:\/\/partediario.com.ar\/index.php?rest_route=%2Fwp%2Fv2%2Ftags&post=7669"}],"curies":[{"name":"wp","href":"https:\/\/api.w.org\/{rel}","templated":true}]}}