{"id":7678,"date":"2024-09-25T07:47:41","date_gmt":"2024-09-25T10:47:41","guid":{"rendered":"https:\/\/partediario.com.ar\/?p=7678"},"modified":"2024-09-26T13:08:00","modified_gmt":"2024-09-26T16:08:00","slug":"milei-viaja-a-cordoba-para-monitorear-el-operativo-de-emergencia-por-los-incendios","status":"publish","type":"post","link":"https:\/\/partediario.com.ar\/?p=7678","title":{"rendered":"Milei viaja a C\u00f3rdoba para monitorear el operativo de emergencia por los incendios"},"content":{"rendered":"\n<h3 class=\"wp-block-heading\">El mandatario llegar\u00e1 a C\u00f3rdoba acompa\u00f1ado por su hermana y secretaria general, Karina Milei, y por el jefe de Gabinete, Guillermo Francos.<\/h3>\n\n\n\n<p>El presidente Javier Milei se trasladar\u00e1 ma\u00f1ana al mediod\u00eda a la provincia de C\u00f3rdoba en medio de los estragos ambientales, econ\u00f3micos y sociales por los incendios.<\/p>\n\n\n\n<p>De acuerdo a informaci\u00f3n brindada porm fuentes de la Presidencia, el jefe de Estado ir\u00e1 en una comitiva integrada tambi\u00e9n por la Secretaria General de la Presidencia, Karina Milei, y por el Jefe de Gabinete, Guillermo Francos.<\/p>\n\n\n\n<p>A ra\u00edz de los impactantes incendios, m\u00e1s de 40 mil hect\u00e1reas forestales fueron arrasados y muchas familias y productores perdieron todo lo que ten\u00edan.<\/p>\n\n\n\n<p>El presidente se dirigir\u00e1 a C\u00f3rdoba luego de retornar de su gira oficial por Estados Unidos.<\/p>\n\n\n\n<p>Luego de reunirse este martes con la presidenta de la comisi\u00f3n Europea, \u00darsula von der Leyen, Milei emprender\u00e1 su vuelta en un vuelo que parte a las 22 hs desde Nueva York, tocando suelo argentino a las 7 de la ma\u00f1ana de este mi\u00e9rcoles, y a las pocas horas viajar\u00e1 a la provincia de C\u00f3rdoba, por el momento no se conoce a cuales ciudades se acercar\u00e1.<\/p>\n","protected":false},"excerpt":{"rendered":"<p>El mandatario llegar&aacute; a C&oacute;rdoba acompa&ntilde;ado por su hermana y secretaria general, Karina Milei, y por el jefe de Gabinete, Guillermo Francos. El presidente Javier Milei se trasladar&aacute; ma&ntilde;ana al mediod&iacute;a a la provincia de C&oacute;rdoba en medio de los estragos ambientales, econ&oacute;micos y sociales por los incendios. De acuerdo a informaci&oacute;n brindada porm fuentes [&hellip;]<\/p>\n","protected":false},"author":2,"featured_media":7679,"comment_status":"open","ping_status":"open","sticky":false,"template":"","format":"standard","meta":{"footnotes":""},"categories":[5,176],"tags":[303,329,2998,232,263],"class_list":["post-7678","post","type-post","status-publish","format-standard","has-post-thumbnail","hentry","category-nacionales","category-politica","tag-cordoba","tag-guillermo-francos","tag-incendios","tag-javier-milei","tag-karina-milei"],"_links":{"self":[{"href":"https:\/\/partediario.com.ar\/index.php?rest_route=\/wp\/v2\/posts\/7678","targetHints":{"allow":["GET"]}}],"collection":[{"href":"https:\/\/partediario.com.ar\/index.php?rest_route=\/wp\/v2\/posts"}],"about":[{"href":"https:\/\/partediario.com.ar\/index.php?rest_route=\/wp\/v2\/types\/post"}],"author":[{"embeddable":true,"href":"https:\/\/partediario.com.ar\/index.php?rest_route=\/wp\/v2\/users\/2"}],"replies":[{"embeddable":true,"href":"https:\/\/partediario.com.ar\/index.php?rest_route=%2Fwp%2Fv2%2Fcomments&post=7678"}],"version-history":[{"count":1,"href":"https:\/\/partediario.com.ar\/index.php?rest_route=\/wp\/v2\/posts\/7678\/revisions"}],"predecessor-version":[{"id":7680,"href":"https:\/\/partediario.com.ar\/index.php?rest_route=\/wp\/v2\/posts\/7678\/revisions\/7680"}],"wp:featuredmedia":[{"embeddable":true,"href":"https:\/\/partediario.com.ar\/index.php?rest_route=\/wp\/v2\/media\/7679"}],"wp:attachment":[{"href":"https:\/\/partediario.com.ar\/index.php?rest_route=%2Fwp%2Fv2%2Fmedia&parent=7678"}],"wp:term":[{"taxonomy":"category","embeddable":true,"href":"https:\/\/partediario.com.ar\/index.php?rest_route=%2Fwp%2Fv2%2Fcategories&post=7678"},{"taxonomy":"post_tag","embeddable":true,"href":"https:\/\/partediario.com.ar\/index.php?rest_route=%2Fwp%2Fv2%2Ftags&post=7678"}],"curies":[{"name":"wp","href":"https:\/\/api.w.org\/{rel}","templated":true}]}}