{"id":7681,"date":"2024-09-25T07:56:35","date_gmt":"2024-09-25T10:56:35","guid":{"rendered":"https:\/\/partediario.com.ar\/?p=7681"},"modified":"2024-09-26T13:07:52","modified_gmt":"2024-09-26T16:07:52","slug":"aeronavegantes-al-congreso-en-contra-de-la-privatizacion-de-aerolineas-argentinas","status":"publish","type":"post","link":"https:\/\/partediario.com.ar\/?p=7681","title":{"rendered":"Aeronavegantes al Congreso en contra de la privatizaci\u00f3n de Aerol\u00edneas Argentinas"},"content":{"rendered":"\n<h3 class=\"wp-block-heading\">La Asociaci\u00f3n Argentina de Aeronavegantes, que nuclea al personal de cabina, convoc\u00f3 junto a distintas organizaciones del sector aeron\u00e1utico a la marcha que se llevar\u00e1 a cabo este mi\u00e9rcoles en el Congreso, en defensa de Aerol\u00edneas Argentinas y en rechazo a su privatizaci\u00f3n.<\/h3>\n\n\n\n<p>A partir de las 10 los trabajadores aeron\u00e1uticos y de otros sectores del transporte se reunir\u00e1n bajo el lema: \u00abTodos al Congreso. Aerol\u00edneas Argentinas no se vende, se defiende\u00bb.<\/p>\n\n\n\n<p>La marcha fue convocada en forma conjunta por los cinco sindicatos de la actividad que integran el nuevo frente aeron\u00e1utico. De este modo, junto a Aeronavegantes se concentrar\u00e1n tambi\u00e9n la Asociaci\u00f3n de Personal Aeron\u00e1utico (APA), la Asociaci\u00f3n de Pilotos de L\u00edneas A\u00e9reas (APLA), la Uni\u00f3n del Personal Superior y Profesional de Empresas Aerocomerciales (UPSA), y ATE ANAC.<\/p>\n\n\n\n<p>Por su parte, Alejandro Kogan, secretario de prensa de Aeronavegantes manifest\u00f3 en un comunicado que \u00abno solo las fuentes de trabajo son las que est\u00e1n en peligro, sino tambi\u00e9n la interconectividad de los pueblos y sus econom\u00edas regionales\u00bb.<\/p>\n\n\n\n<p>En esa l\u00ednea, subray\u00f3 que \u00abnos manifestamos en contra porque las experiencias de venta de nuestra l\u00ednea \u00e1rea de bandera fueron absolutamente perjudiciales, no solo para la aeron\u00e1utica, sino para el desarrollo de la industria en general\u00bb.<\/p>\n","protected":false},"excerpt":{"rendered":"<p>La Asociaci&oacute;n Argentina de Aeronavegantes, que nuclea al personal de cabina, convoc&oacute; junto a distintas organizaciones del sector aeron&aacute;utico a la marcha que se llevar&aacute; a cabo este mi&eacute;rcoles en el Congreso, en defensa de Aerol&iacute;neas Argentinas y en rechazo a su privatizaci&oacute;n. A partir de las 10 los trabajadores aeron&aacute;uticos y de otros sectores [&hellip;]<\/p>\n","protected":false},"author":2,"featured_media":7682,"comment_status":"open","ping_status":"open","sticky":false,"template":"","format":"standard","meta":{"footnotes":""},"categories":[978,5,176],"tags":[962,3434,229],"class_list":["post-7681","post","type-post","status-publish","format-standard","has-post-thumbnail","hentry","category-gremiales","category-nacionales","category-politica","tag-aerolineas-argentinas","tag-aeronavegantes","tag-congreso"],"_links":{"self":[{"href":"https:\/\/partediario.com.ar\/index.php?rest_route=\/wp\/v2\/posts\/7681","targetHints":{"allow":["GET"]}}],"collection":[{"href":"https:\/\/partediario.com.ar\/index.php?rest_route=\/wp\/v2\/posts"}],"about":[{"href":"https:\/\/partediario.com.ar\/index.php?rest_route=\/wp\/v2\/types\/post"}],"author":[{"embeddable":true,"href":"https:\/\/partediario.com.ar\/index.php?rest_route=\/wp\/v2\/users\/2"}],"replies":[{"embeddable":true,"href":"https:\/\/partediario.com.ar\/index.php?rest_route=%2Fwp%2Fv2%2Fcomments&post=7681"}],"version-history":[{"count":1,"href":"https:\/\/partediario.com.ar\/index.php?rest_route=\/wp\/v2\/posts\/7681\/revisions"}],"predecessor-version":[{"id":7683,"href":"https:\/\/partediario.com.ar\/index.php?rest_route=\/wp\/v2\/posts\/7681\/revisions\/7683"}],"wp:featuredmedia":[{"embeddable":true,"href":"https:\/\/partediario.com.ar\/index.php?rest_route=\/wp\/v2\/media\/7682"}],"wp:attachment":[{"href":"https:\/\/partediario.com.ar\/index.php?rest_route=%2Fwp%2Fv2%2Fmedia&parent=7681"}],"wp:term":[{"taxonomy":"category","embeddable":true,"href":"https:\/\/partediario.com.ar\/index.php?rest_route=%2Fwp%2Fv2%2Fcategories&post=7681"},{"taxonomy":"post_tag","embeddable":true,"href":"https:\/\/partediario.com.ar\/index.php?rest_route=%2Fwp%2Fv2%2Ftags&post=7681"}],"curies":[{"name":"wp","href":"https:\/\/api.w.org\/{rel}","templated":true}]}}