{"id":7687,"date":"2024-09-25T08:12:15","date_gmt":"2024-09-25T11:12:15","guid":{"rendered":"https:\/\/partediario.com.ar\/?p=7687"},"modified":"2024-09-26T13:07:44","modified_gmt":"2024-09-26T16:07:44","slug":"mondino-acordo-con-el-reino-unido-reanudar-los-vuelos-a-las-islas-malvinas-desde-brasil","status":"publish","type":"post","link":"https:\/\/partediario.com.ar\/?p=7687","title":{"rendered":"Mondino acord\u00f3 con el Reino Unido reanudar los vuelos a las Islas Malvinas desde Brasil"},"content":{"rendered":"\n<h3 class=\"wp-block-heading\">La canciller Diana Mondino acord\u00f3 hoy con su par brit\u00e1nico, David Lammy, la reanudaci\u00f3n del vuelo semanal desde San Pablo a las Islas Malvinas, que se realizaba con una escala mensual en C\u00f3rdoba y hab\u00eda sido discontinuado en 2020, durante la pandemia.<\/h3>\n\n\n\n<p>Adem\u00e1s establecieron \u00aborganizar un viaje de familiares de ca\u00eddos a las Islas antes de fin de 2024, para que puedan visitar las tumbas de los soldados que all\u00ed descansan\u00bb, de acuerdo a la informaci\u00f3n oficial.<\/p>\n\n\n\n<p>As\u00ed lo establecieron Mondino y Lammy luego de la reuni\u00f3n que ambos mantuvieron en Nueva York York en el marco de la Cumbre de la ONU.<\/p>\n\n\n\n<p>La Canciller\u00eda argentina subray\u00f3 que estas medidas permitir\u00e1n avanzar en una agenda \u00abm\u00e1s ambiciosa de cooperaci\u00f3n en diferentes \u00e1mbitos y bajo f\u00f3rmula de soberan\u00eda, tendientes a promover el desarrollo humano y econ\u00f3mico y estrechar lazos entre las Islas y el continente\u00bb.<\/p>\n\n\n\n<p>Mondino y Lammy acogieron con \u00abbenepl\u00e1cito las medidas que est\u00e1n siendo adoptadas para alcanzar una mejor relaci\u00f3n bilateral y acordaron hablar nuevamente en una oportunidad futura\u00bb.<\/p>\n\n\n\n<p>\u00abSe estableci\u00f3 la necesidad de avanzar con medidas concretas en materia de conservaci\u00f3n de pesquer\u00edas y en favor de una mejor conectividad, en virtud de los arreglos alcanzados en 2018, incluida la reanudaci\u00f3n del vuelo semanal de San Pablo a las Islas, que realizaba una escala mensual en C\u00f3rdoba\u00bb, expres\u00f3 la Canciller\u00eda argentina en un comunicado.<\/p>\n\n\n\n<p>A su vez, se dispuso \u00abretomar las negociaciones tendientes a finalizar la tercera fase del Plan Proyecto Humanitario conjuntamente con la Cruz Roja Internacional\u00bb.<\/p>\n\n\n\n<p>Despu\u00e9s que se hiciera p\u00fablico el acuerdo entre ambos pa\u00edses, la embajadora brit\u00e1nica en Argentina, Christie Hayes, asegur\u00f3 que este pacto va a \u00abfacilitar las visitas organizadas desde territorio argentino a las Islas\u00bb y adem\u00e1s la reactivaci\u00f3n de las \u00abnegociaciones del proyecto humanitario para identificar a los ca\u00eddos\u00bb en Malvinas.<\/p>\n\n\n\n<p>\u00abLa gran mayor\u00eda de los ca\u00eddos hab\u00edan sido identificados en los proyectos anteriores. Pero, para los familiares de los que quedan, ser identificados todav\u00eda es un \u00e1rea muy dolorosa\u00bb, se\u00f1al\u00f3 la diplom\u00e1tica brit\u00e1nica en declaraciones radiales.<\/p>\n\n\n\n<p>Estos acuerdos se lograron bajo la f\u00f3rmula de soberan\u00eda sobre la Islas, por tanto, la Argentina \u00abmantiene firme su reclamo sobre las Malvinas y lo mismo sucede con la posici\u00f3n del Reino Unido\u00bb, subray\u00f3 el Ministerio de Relaciones Exteriores.<\/p>\n\n\n\n<p>\u00abNuestra posici\u00f3n no ha cambiado y la de Argentina tampoco. Va a continuar siendo un \u00e1rea muy sensible entre nosotros. Pero tenemos muchos intereses en com\u00fan tambi\u00e9n y este anuncio muestra que, a pesar de nuestras diferencias, podemos hacer cosas positivas\u00bb, manifest\u00f3 Hayes.<\/p>\n\n\n\n<p>Vale recordar que los vuelos desde la ciudad de San Pablo, Brasil, que realizaban una escala en C\u00f3rdoba y ten\u00edan como destino final las Islas Malvinas se aprobaron en noviembre de 2018 y entraron en vigencia en 2019.<\/p>\n\n\n\n<p>Durante la pandemia de coronavirus, en 2020, el Gobierno brit\u00e1nico decidi\u00f3 interrumpir la conexi\u00f3n entre territorio nacional y las Islas, mientras que la Canciller\u00eda argentina, por entonces a cargo de Felipe Sol\u00e1, busc\u00f3 que se reanudaran en octubre del mismo a\u00f1o.<\/p>\n\n\n\n<p>En diciembre de 2021, el entonces canciller Santiago Cafiero insisti\u00f3 para que se restablezcan los vuelos, pero sus solicitud de dos vuelos humanitarios con l\u00ednea de bandera desde territorio argentino hacia Malvinas fue denegada.<\/p>\n\n\n\n<p>Posteriormente, en julio de 2022, se retomaron vuelos regulares desde Punta Arenas a las Islas, sin mayores progresos para que se llevaran a cabo los viajes desde territorio nacional.<\/p>\n","protected":false},"excerpt":{"rendered":"<p>La canciller Diana Mondino acord&oacute; hoy con su par brit&aacute;nico, David Lammy, la reanudaci&oacute;n del vuelo semanal desde San Pablo a las Islas Malvinas, que se realizaba con una escala mensual en C&oacute;rdoba y hab&iacute;a sido discontinuado en 2020, durante la pandemia. Adem&aacute;s establecieron &laquo;organizar un viaje de familiares de ca&iacute;dos a las Islas antes [&hellip;]<\/p>\n","protected":false},"author":2,"featured_media":7688,"comment_status":"open","ping_status":"open","sticky":false,"template":"","format":"standard","meta":{"footnotes":""},"categories":[5,176],"tags":[303,3439,1121,1992,564,3386],"class_list":["post-7687","post","type-post","status-publish","format-standard","has-post-thumbnail","hentry","category-nacionales","category-politica","tag-cordoba","tag-david-lammy","tag-diana-mondino","tag-islas-malvinas","tag-san-pablo","tag-vuelos"],"_links":{"self":[{"href":"https:\/\/partediario.com.ar\/index.php?rest_route=\/wp\/v2\/posts\/7687","targetHints":{"allow":["GET"]}}],"collection":[{"href":"https:\/\/partediario.com.ar\/index.php?rest_route=\/wp\/v2\/posts"}],"about":[{"href":"https:\/\/partediario.com.ar\/index.php?rest_route=\/wp\/v2\/types\/post"}],"author":[{"embeddable":true,"href":"https:\/\/partediario.com.ar\/index.php?rest_route=\/wp\/v2\/users\/2"}],"replies":[{"embeddable":true,"href":"https:\/\/partediario.com.ar\/index.php?rest_route=%2Fwp%2Fv2%2Fcomments&post=7687"}],"version-history":[{"count":1,"href":"https:\/\/partediario.com.ar\/index.php?rest_route=\/wp\/v2\/posts\/7687\/revisions"}],"predecessor-version":[{"id":7689,"href":"https:\/\/partediario.com.ar\/index.php?rest_route=\/wp\/v2\/posts\/7687\/revisions\/7689"}],"wp:featuredmedia":[{"embeddable":true,"href":"https:\/\/partediario.com.ar\/index.php?rest_route=\/wp\/v2\/media\/7688"}],"wp:attachment":[{"href":"https:\/\/partediario.com.ar\/index.php?rest_route=%2Fwp%2Fv2%2Fmedia&parent=7687"}],"wp:term":[{"taxonomy":"category","embeddable":true,"href":"https:\/\/partediario.com.ar\/index.php?rest_route=%2Fwp%2Fv2%2Fcategories&post=7687"},{"taxonomy":"post_tag","embeddable":true,"href":"https:\/\/partediario.com.ar\/index.php?rest_route=%2Fwp%2Fv2%2Ftags&post=7687"}],"curies":[{"name":"wp","href":"https:\/\/api.w.org\/{rel}","templated":true}]}}