{"id":7693,"date":"2024-09-25T08:32:28","date_gmt":"2024-09-25T11:32:28","guid":{"rendered":"https:\/\/partediario.com.ar\/?p=7693"},"modified":"2024-09-26T13:07:35","modified_gmt":"2024-09-26T16:07:35","slug":"la-fiscalia-de-venezuela-solicito-la-detencion-de-milei-por-el-avion-de-emtrasur","status":"publish","type":"post","link":"https:\/\/partediario.com.ar\/?p=7693","title":{"rendered":"La fiscal\u00eda de Venezuela solicit\u00f3 la detenci\u00f3n de Milei por el avi\u00f3n de Emtrasur"},"content":{"rendered":"\n<h3 class=\"wp-block-heading\">El fiscal general de Venezuela, Tarek William Saab, ratific\u00f3 hoy la orden de captura del presidente Javier Milei por su presunta vinculaci\u00f3n en lo que considera el \u00abrobo\u00bb de un avi\u00f3n de la empresa estatal venezolana Emtrasur. La orden tambi\u00e9n incluye a Karina Milei y Patricia Bullrich.<\/h3>\n\n\n\n<p>El funcionario inform\u00f3 que la orden fue remitida a Interpol, y adem\u00e1s del mandatario argentino incluye a la secretaria general de la presidencia, Karina Milei, y tambi\u00e9n la ministra de Seguridad, Patricia Bullrich.<\/p>\n\n\n\n<p>\u00abEsperaremos a ver c\u00f3mo actuar\u00e1 esa organizaci\u00f3n ante el robo, desmantelamiento y da\u00f1o al patrimonio nacional\u00bb, manifest\u00f3 William Saab en declaraciones a la prensa venezolana.<\/p>\n\n\n\n<p>La investigaci\u00f3n que lleva a cabo actualmente el Ministerio P\u00fablico venezolano contra los tres funcionarios argentinos es por haber retenido y luego entregado a Estados Unidos un avi\u00f3n de carga venezolano.<\/p>\n\n\n\n<p>\u00abConsideramos que esta acci\u00f3n se enmarca en el contexto de los continuos ataques orquestados por los Estados Unidos y otras potencias extranjeras y sus pa\u00edses sat\u00e9lites en el continente para agraviar para mancillar la soberan\u00eda nacional\u00bb, expres\u00f3.<\/p>\n\n\n\n<p>El Gobierno de Estados Unidos confisc\u00f3 en febrero \u00faltimo un avi\u00f3n de carga Boeing de la estatal venezolana Emtrasur, que estaba en Buenos Aires, y hab\u00eda sido vendido por una aerol\u00ednea iran\u00ed sancionada en violaci\u00f3n de las leyes federales de control de exportaciones.<\/p>\n\n\n\n<p>El presidente de Venezuela, Nicol\u00e1s Maduro, denunci\u00f3 hoy una arremetida contra su pa\u00eds y afirm\u00f3 que al frente de la agresi\u00f3n se encuentra Milei.<\/p>\n\n\n\n<p>Y agreg\u00f3: \u00abUna arremetida internacional, de la internacional fascista, neofascista y de expresiones similares (\u2026) al frente va Milei con toda su esquizofrenia, con toda su sociopat\u00eda s\u00e1dica de hacer sufrir a los pueblos\u00bb.<\/p>\n\n\n\n<p>El mandatario venezolano ofreci\u00f3 sus declaraciones durante un mensaje a la naci\u00f3n, en el que felicit\u00f3 al Movimiento Octubres de Argentina en su 20 aniversario.<\/p>\n\n\n\n<p>Se\u00f1al\u00f3 adem\u00e1s que la denominada internacional fascista, en la que tambi\u00e9n se encuentra el empresario \u00abElon Musk y otros personeros\u00bb, atac\u00f3 completamente a Venezuela, \u00abnos amenazan, pero Venezuela est\u00e1 de pie\u00bb, cerr\u00f3.<\/p>\n","protected":false},"excerpt":{"rendered":"<p>El fiscal general de Venezuela, Tarek William Saab, ratific&oacute; hoy la orden de captura del presidente Javier Milei por su presunta vinculaci&oacute;n en lo que considera el &laquo;robo&raquo; de un avi&oacute;n de la empresa estatal venezolana Emtrasur. La orden tambi&eacute;n incluye a Karina Milei y Patricia Bullrich. El funcionario inform&oacute; que la orden fue remitida [&hellip;]<\/p>\n","protected":false},"author":2,"featured_media":7694,"comment_status":"open","ping_status":"open","sticky":false,"template":"","format":"standard","meta":{"footnotes":""},"categories":[9,5,176],"tags":[902,3441,353,232,263,510,3440,1339],"class_list":["post-7693","post","type-post","status-publish","format-standard","has-post-thumbnail","hentry","category-internacionales","category-nacionales","category-politica","tag-detencion","tag-emtrasur","tag-fiscalia","tag-javier-milei","tag-karina-milei","tag-patricia-bullrich","tag-tarek-williams-saab","tag-venezuela"],"_links":{"self":[{"href":"https:\/\/partediario.com.ar\/index.php?rest_route=\/wp\/v2\/posts\/7693","targetHints":{"allow":["GET"]}}],"collection":[{"href":"https:\/\/partediario.com.ar\/index.php?rest_route=\/wp\/v2\/posts"}],"about":[{"href":"https:\/\/partediario.com.ar\/index.php?rest_route=\/wp\/v2\/types\/post"}],"author":[{"embeddable":true,"href":"https:\/\/partediario.com.ar\/index.php?rest_route=\/wp\/v2\/users\/2"}],"replies":[{"embeddable":true,"href":"https:\/\/partediario.com.ar\/index.php?rest_route=%2Fwp%2Fv2%2Fcomments&post=7693"}],"version-history":[{"count":1,"href":"https:\/\/partediario.com.ar\/index.php?rest_route=\/wp\/v2\/posts\/7693\/revisions"}],"predecessor-version":[{"id":7695,"href":"https:\/\/partediario.com.ar\/index.php?rest_route=\/wp\/v2\/posts\/7693\/revisions\/7695"}],"wp:featuredmedia":[{"embeddable":true,"href":"https:\/\/partediario.com.ar\/index.php?rest_route=\/wp\/v2\/media\/7694"}],"wp:attachment":[{"href":"https:\/\/partediario.com.ar\/index.php?rest_route=%2Fwp%2Fv2%2Fmedia&parent=7693"}],"wp:term":[{"taxonomy":"category","embeddable":true,"href":"https:\/\/partediario.com.ar\/index.php?rest_route=%2Fwp%2Fv2%2Fcategories&post=7693"},{"taxonomy":"post_tag","embeddable":true,"href":"https:\/\/partediario.com.ar\/index.php?rest_route=%2Fwp%2Fv2%2Ftags&post=7693"}],"curies":[{"name":"wp","href":"https:\/\/api.w.org\/{rel}","templated":true}]}}