{"id":7708,"date":"2024-09-25T18:09:52","date_gmt":"2024-09-25T21:09:52","guid":{"rendered":"https:\/\/partediario.com.ar\/?p=7708"},"modified":"2024-09-26T13:07:12","modified_gmt":"2024-09-26T16:07:12","slug":"milei-dialogo-sobre-los-incendios-con-el-gobernador-llaryora-y-sobrevolaron-las-areas-afectadas-en-cordoba","status":"publish","type":"post","link":"https:\/\/partediario.com.ar\/?p=7708","title":{"rendered":"Milei dialog\u00f3 sobre los incendios con el gobernador Llaryora y sobrevolaron las \u00e1reas afectadas en C\u00f3rdoba"},"content":{"rendered":"\n<h3 class=\"wp-block-heading\">El presidente Javier Milei visit\u00f3 hoy la provincia de C\u00f3rdoba, donde analiz\u00f3 la situaci\u00f3n de los incendios forestales que afectan a la provincia junto al gobernador, Mart\u00edn Llaryora, y sobrevol\u00f3 las zonas afectadas.<\/h3>\n\n\n\n<p>El presidente fue recibido en el aeropuerto por Llaryora, donde lleg\u00f3 pasadas las 15, tras haber aterrizado en la Argentina a las 9 de la ma\u00f1ana procedente de Nueva York donde el d\u00eda anterior habl\u00f3 ante la Asamblea General de Naciones Unidas.<\/p>\n\n\n\n<p>Milei lleg\u00f3 acompa\u00f1ado por la secretaria General de la Presidencia, Karina Milei; el jefe de Gabinete, Guillermo Francos; la ministra de Seguridad, Patricia Bullrich; y el de Defensa, Luis Petri.<\/p>\n\n\n\n<p><\/p>\n\n\n\n<blockquote class=\"twitter-tweet\" data-media-max-width=\"560\"><p lang=\"es\" dir=\"ltr\">Recib\u00ed al presidente de la Naci\u00f3n <a href=\"https:\/\/twitter.com\/JMilei?ref_src=twsrc%5Etfw\">@JMilei<\/a>, en la Escuela de Aviaci\u00f3n Militar, en el marco de los operativos que llevamos adelante para combatir y contener los <a href=\"https:\/\/twitter.com\/hashtag\/incendios?src=hash&amp;ref_src=twsrc%5Etfw\">#incendios<\/a> forestales en <a href=\"https:\/\/twitter.com\/hashtag\/C%C3%B3rdoba?src=hash&amp;ref_src=twsrc%5Etfw\">#C\u00f3rdoba<\/a>. Junto a la comitiva nacional sobrevolaremos las zonas afectadas. <a href=\"https:\/\/t.co\/zXMIvQBY8E\">pic.twitter.com\/zXMIvQBY8E<\/a><\/p>&mdash; Mart\u00edn Llaryora (@MartinLlaryora) <a href=\"https:\/\/twitter.com\/MartinLlaryora\/status\/1839020259183046870?ref_src=twsrc%5Etfw\">September 25, 2024<\/a><\/blockquote> <script async src=\"https:\/\/platform.twitter.com\/widgets.js\" charset=\"utf-8\"><\/script>\n\n\n\n<p><\/p>\n\n\n\n<p>\u00abRecib\u00ed al presidente de la Naci\u00f3n, @JMilei, en la Escuela de Aviaci\u00f3n Militar, en el marco de los operativos que llevamos adelante para combatir y contener los incendios forestales en C\u00f3rdoba. Junto a la comitiva nacional sobrevolaremos las zonas afectadas\u00bb, destac\u00f3 Llaryora en la red social X apenas arrib\u00f3 el jefe de Estado.<\/p>\n\n\n\n<p>Luciendo ropa de fajina, Milei supervis\u00f3 junto al mandatario cordob\u00e9s y sus funcionarios las tareas de asistencia y rescate por los incendios en las Sierras. Posteriormente sobrevolaron los incendios, que llevan arrasadas m\u00e1s de 25 mil hect\u00e1reas.<\/p>\n\n\n\n<p>En estos momentos hay cinco focos activos: Capilla del Monte, Villa Berna, Chacan\u00ed, Salsacate y La Granja, en donde alrededor de 800 bomberos pelean contra las llamas.<\/p>\n\n\n\n<p>A trav\u00e9s del Servicio Nacional de Manejo del Fuego (SNMF), con recursos propios y otros convocados por el Sistema Federal de Manejo del Fuego, y de la Administraci\u00f3n de Parques Nacionales, el Gobierno Nacional -a partir del \u00faltimo pedido realizado por la provincia de C\u00f3rdoba- convoc\u00f3 y sum\u00f3 entre el martes y la madrugada de este mi\u00e9rcoles 62 personas en total (12 de San Juan, 8 de Santiago del Estero, 22 de Parques Nacionales y 20 de la Brigada Forestal de Polic\u00eda Federal y 36 brigadistas de Entre R\u00edos).<\/p>\n\n\n\n<p>Desde la Administraci\u00f3n de Parques Nacionales incorporaron este mi\u00e9rcoles al combate del fuego en C\u00f3rdoba 2 nuevos agentes, \u20601 binomio de dron y \u20601 camioneta, se explic\u00f3.<\/p>\n\n\n\n<p>El total desplegado a la fecha por este organismo es de 41 agentes (37 brigadistas y 3 t\u00e9cnicos), \u20609 veh\u00edculos (2 autobombas, 3 camionetas con kit de ataque r\u00e1pido y 3 pick-up y 1 minibus), adem\u00e1s de maquinaria y herramientas t\u00e9cnicas.<\/p>\n","protected":false},"excerpt":{"rendered":"<p>El presidente Javier Milei visit&oacute; hoy la provincia de C&oacute;rdoba, donde analiz&oacute; la situaci&oacute;n de los incendios forestales que afectan a la provincia junto al gobernador, Mart&iacute;n Llaryora, y sobrevol&oacute; las zonas afectadas. El presidente fue recibido en el aeropuerto por Llaryora, donde lleg&oacute; pasadas las 15, tras haber aterrizado en la Argentina a las [&hellip;]<\/p>\n","protected":false},"author":2,"featured_media":7709,"comment_status":"open","ping_status":"open","sticky":false,"template":"","format":"standard","meta":{"footnotes":""},"categories":[5,176],"tags":[2998,232,1138],"class_list":["post-7708","post","type-post","status-publish","format-standard","has-post-thumbnail","hentry","category-nacionales","category-politica","tag-incendios","tag-javier-milei","tag-martin-llaryora"],"_links":{"self":[{"href":"https:\/\/partediario.com.ar\/index.php?rest_route=\/wp\/v2\/posts\/7708","targetHints":{"allow":["GET"]}}],"collection":[{"href":"https:\/\/partediario.com.ar\/index.php?rest_route=\/wp\/v2\/posts"}],"about":[{"href":"https:\/\/partediario.com.ar\/index.php?rest_route=\/wp\/v2\/types\/post"}],"author":[{"embeddable":true,"href":"https:\/\/partediario.com.ar\/index.php?rest_route=\/wp\/v2\/users\/2"}],"replies":[{"embeddable":true,"href":"https:\/\/partediario.com.ar\/index.php?rest_route=%2Fwp%2Fv2%2Fcomments&post=7708"}],"version-history":[{"count":1,"href":"https:\/\/partediario.com.ar\/index.php?rest_route=\/wp\/v2\/posts\/7708\/revisions"}],"predecessor-version":[{"id":7710,"href":"https:\/\/partediario.com.ar\/index.php?rest_route=\/wp\/v2\/posts\/7708\/revisions\/7710"}],"wp:featuredmedia":[{"embeddable":true,"href":"https:\/\/partediario.com.ar\/index.php?rest_route=\/wp\/v2\/media\/7709"}],"wp:attachment":[{"href":"https:\/\/partediario.com.ar\/index.php?rest_route=%2Fwp%2Fv2%2Fmedia&parent=7708"}],"wp:term":[{"taxonomy":"category","embeddable":true,"href":"https:\/\/partediario.com.ar\/index.php?rest_route=%2Fwp%2Fv2%2Fcategories&post=7708"},{"taxonomy":"post_tag","embeddable":true,"href":"https:\/\/partediario.com.ar\/index.php?rest_route=%2Fwp%2Fv2%2Ftags&post=7708"}],"curies":[{"name":"wp","href":"https:\/\/api.w.org\/{rel}","templated":true}]}}