{"id":7711,"date":"2024-09-25T18:16:30","date_gmt":"2024-09-25T21:16:30","guid":{"rendered":"https:\/\/partediario.com.ar\/?p=7711"},"modified":"2024-09-26T13:07:06","modified_gmt":"2024-09-26T16:07:06","slug":"me-voy-a-tomar-10-rivotril-y-le-voy-a-dar-un-tiro-en-la-cabeza-detuvieron-a-un-hombre-por-amenazar-a-javier-milei","status":"publish","type":"post","link":"https:\/\/partediario.com.ar\/?p=7711","title":{"rendered":"\u201cMe voy a tomar 10 rivotril y le voy a dar un tiro en la cabeza\u201d, detuvieron a un hombre por amenazar a Javier Milei"},"content":{"rendered":"\n<h3 class=\"wp-block-heading\">Un hombre de 32 a\u00f1os fue detenido por amenazar al presidente Javier Milei, por medio de declaraciones publicadas en la red social X.<\/h3>\n\n\n\n<p>El sospechoso fue detanido tras un procedimiento realizado por la Polic\u00eda Federal en una vivienda de la localidad de Gonz\u00e1lez Cat\u00e1n, en el partido de La Matanza, seg\u00fan informaron fuentes de la fuerza.<\/p>\n\n\n\n<p>Las declaraciones fueron publicadas en la red social \u00abX\u00bb, en donde el usuario @Tomidiazcueto comparti\u00f3 una entrevista con el imputado, quien expres\u00f3 en t\u00e9rminos intimidatorios su intenci\u00f3n de atentar contra la vida del mandatario.<\/p>\n\n\n\n<p>Mencion\u00f3: \u201cLe voy a dar un tiro, un cuetazo en la cabeza, me voy a tomar 10 rivotril y le voy a romper un tiro en la cabeza con .44 magnum, .22 magnum, lo que sea. Pusimos fierro de esos para apachurrarlo. Tac, pum, lo vemos, en casa\u201d.<\/p>\n\n\n\n<p>La publicaci\u00f3n fue subi\u00f3 el 12 de junio de 2024 y desde entonces se avanz\u00f3 con la investigaci\u00f3n correspondiente.<\/p>\n\n\n\n<p>La detenci\u00f3n fue ordenada por el Juzgado Nacional en lo Criminal y Correccional Federal N\u00b0 4, a cargo del Dr. Ariel Lijo, con la intervenci\u00f3n de la Secretar\u00eda N\u00b0 8, a cargo del Dr. Mart\u00edn Canero. El allanamiento se realiz\u00f3 con la colaboraci\u00f3n del Juzgado Federal en lo Criminal y Correccional N\u00b0 2 de Mor\u00f3n, a cargo del Dr. Jorge Rodr\u00edguez y la Secretar\u00eda N\u00b0 7, del Dr. Claudio Galdi.<\/p>\n\n\n\n<p>Durante la requisa de la vivienda del hombre, los efectivos de la Divisi\u00f3n Delitos Constitucionales de la Superintendencia de Investigaciones Federales, secuestraron pastillas de clonazepam, entre otros elementos de inter\u00e9s.<\/p>\n\n\n\n<p>Finalizando, el hombre fue trasladado a una dependencia ordenada por el Juzgado interventor en calidad de incomunicado. Los elementos probatorios incautados quedaron a disposici\u00f3n de la Justicia.<\/p>\n","protected":false},"excerpt":{"rendered":"<p>Un hombre de 32 a&ntilde;os fue detenido por amenazar al presidente Javier Milei, por medio de declaraciones publicadas en la red social X. El sospechoso fue detanido tras un procedimiento realizado por la Polic&iacute;a Federal en una vivienda de la localidad de Gonz&aacute;lez Cat&aacute;n, en el partido de La Matanza, seg&uacute;n informaron fuentes de la [&hellip;]<\/p>\n","protected":false},"author":2,"featured_media":7712,"comment_status":"open","ping_status":"open","sticky":false,"template":"","format":"standard","meta":{"footnotes":""},"categories":[5,7],"tags":[3449,2571,3450,481,232],"class_list":["post-7711","post","type-post","status-publish","format-standard","has-post-thumbnail","hentry","category-nacionales","category-policiales","tag-amenazas","tag-detuvieron","tag-gonzalez-catan","tag-hombre","tag-javier-milei"],"_links":{"self":[{"href":"https:\/\/partediario.com.ar\/index.php?rest_route=\/wp\/v2\/posts\/7711","targetHints":{"allow":["GET"]}}],"collection":[{"href":"https:\/\/partediario.com.ar\/index.php?rest_route=\/wp\/v2\/posts"}],"about":[{"href":"https:\/\/partediario.com.ar\/index.php?rest_route=\/wp\/v2\/types\/post"}],"author":[{"embeddable":true,"href":"https:\/\/partediario.com.ar\/index.php?rest_route=\/wp\/v2\/users\/2"}],"replies":[{"embeddable":true,"href":"https:\/\/partediario.com.ar\/index.php?rest_route=%2Fwp%2Fv2%2Fcomments&post=7711"}],"version-history":[{"count":1,"href":"https:\/\/partediario.com.ar\/index.php?rest_route=\/wp\/v2\/posts\/7711\/revisions"}],"predecessor-version":[{"id":7713,"href":"https:\/\/partediario.com.ar\/index.php?rest_route=\/wp\/v2\/posts\/7711\/revisions\/7713"}],"wp:featuredmedia":[{"embeddable":true,"href":"https:\/\/partediario.com.ar\/index.php?rest_route=\/wp\/v2\/media\/7712"}],"wp:attachment":[{"href":"https:\/\/partediario.com.ar\/index.php?rest_route=%2Fwp%2Fv2%2Fmedia&parent=7711"}],"wp:term":[{"taxonomy":"category","embeddable":true,"href":"https:\/\/partediario.com.ar\/index.php?rest_route=%2Fwp%2Fv2%2Fcategories&post=7711"},{"taxonomy":"post_tag","embeddable":true,"href":"https:\/\/partediario.com.ar\/index.php?rest_route=%2Fwp%2Fv2%2Ftags&post=7711"}],"curies":[{"name":"wp","href":"https:\/\/api.w.org\/{rel}","templated":true}]}}