{"id":7726,"date":"2024-09-26T11:51:52","date_gmt":"2024-09-26T14:51:52","guid":{"rendered":"https:\/\/partediario.com.ar\/?p=7726"},"modified":"2024-09-27T12:14:20","modified_gmt":"2024-09-27T15:14:20","slug":"el-gobierno-presento-un-plan-para-enfrentar-los-picos-de-demanda-del-verano","status":"publish","type":"post","link":"https:\/\/partediario.com.ar\/?p=7726","title":{"rendered":"El Gobierno present\u00f3 un plan para enfrentar los picos de demanda del verano"},"content":{"rendered":"\n<h3 class=\"wp-block-heading\">El Gobierno Nacional dio a conocer un plan con una serie de medidas que implementar\u00e1 para evitar que los usuarios sufran cortes de electricidad en los picos de demanda del verano, debido a la crisis por el desfinanciamiento de los \u00faltimos a\u00f1os.<\/h3>\n\n\n\n<p>En el comunicado dado a conocer este mi\u00e9rcoles por la noche se explica que entre las medidas del segmento generaci\u00f3n, se encuentran la importaci\u00f3n de energ\u00eda y potencia de Brasil en d\u00edas cr\u00edticos; la gesti\u00f3n con Paraguay para aumentar los intercambios de Yacyret\u00e1 y el dise\u00f1o de un mecanismo de incentivos a la disponibilidad de generadores t\u00e9rmicos.<\/p>\n\n\n\n<p>Adem\u00e1s, en el sector transporte, se trabajar\u00e1 en la disponibilidad de cuatro transformadores de reserva, mientras que en el segmento distribuci\u00f3n se establecer\u00e1 un mecanismo de gesti\u00f3n de reducci\u00f3n de demanda a los grandes usuarios (industrias), voluntario, programado y remunerado.<\/p>\n\n\n\n<p>En el escrito difundido por la cartera encabezada por Eduardo Rodr\u00edguez Chirillo se menciona tambi\u00e9n, que el Ente Nacional Regulador de la Electricidad (ENRE) instruir\u00e1 a las empresas distribuidoras del AMBA (Edenor y Edesur) a presentar un Programa de Atenci\u00f3n de Contingencias para sus nodos cr\u00edticos.<\/p>\n\n\n\n<p>Seg\u00fan se indica en el denominado Plan Verano 2024 &#8211; 2025 entre las acciones que llevar\u00e1 adelante el Gobierno nacional no est\u00e1n previstos los cortes programados a usuarios residenciales.<\/p>\n\n\n\n<p>Desde la Secretar\u00eda se de Energ\u00eda se precisa que \u201cestas medidas son imprescindibles por la crisis que vive el sector energ\u00e9tico debido a la falta de inversi\u00f3n y mantenimiento en los \u00faltimos 20 a\u00f1os, que llevaron al sistema al borde del colapso\u201d. \u201cPor esta situaci\u00f3n cr\u00edtica, el Gobierno en el inicio de su gesti\u00f3n declar\u00f3 la emergencia del sector energ\u00e9tico nacional en todos sus segmentos: generaci\u00f3n, transporte y distribuci\u00f3n\u201d, sostiene el comunicado.<\/p>\n\n\n\n<p>A esto se suma adem\u00e1s durante el verano la parada t\u00e9cnica de la Central Nuclear Atucha I; la situaci\u00f3n coyuntural hidr\u00f3l\u00f3gica de Brasil; y las extensas olas de calor que se pronostican, que demandar\u00edan 30.700 MW, superando as\u00ed el pico hist\u00f3rico de 29.653 de febrero de este a\u00f1o.<\/p>\n","protected":false},"excerpt":{"rendered":"<p>El Gobierno Nacional dio a conocer un plan con una serie de medidas que implementar&aacute; para evitar que los usuarios sufran cortes de electricidad en los picos de demanda del verano, debido a la crisis por el desfinanciamiento de los &uacute;ltimos a&ntilde;os. En el comunicado dado a conocer este mi&eacute;rcoles por la noche se explica [&hellip;]<\/p>\n","protected":false},"author":2,"featured_media":7728,"comment_status":"open","ping_status":"open","sticky":false,"template":"","format":"standard","meta":{"footnotes":""},"categories":[5,176],"tags":[1628,625,224,1253,3455],"class_list":["post-7726","post","type-post","status-publish","format-standard","has-post-thumbnail","hentry","category-nacionales","category-politica","tag-cortes","tag-electricidad","tag-gobierno","tag-plan","tag-verano"],"_links":{"self":[{"href":"https:\/\/partediario.com.ar\/index.php?rest_route=\/wp\/v2\/posts\/7726","targetHints":{"allow":["GET"]}}],"collection":[{"href":"https:\/\/partediario.com.ar\/index.php?rest_route=\/wp\/v2\/posts"}],"about":[{"href":"https:\/\/partediario.com.ar\/index.php?rest_route=\/wp\/v2\/types\/post"}],"author":[{"embeddable":true,"href":"https:\/\/partediario.com.ar\/index.php?rest_route=\/wp\/v2\/users\/2"}],"replies":[{"embeddable":true,"href":"https:\/\/partediario.com.ar\/index.php?rest_route=%2Fwp%2Fv2%2Fcomments&post=7726"}],"version-history":[{"count":1,"href":"https:\/\/partediario.com.ar\/index.php?rest_route=\/wp\/v2\/posts\/7726\/revisions"}],"predecessor-version":[{"id":7729,"href":"https:\/\/partediario.com.ar\/index.php?rest_route=\/wp\/v2\/posts\/7726\/revisions\/7729"}],"wp:featuredmedia":[{"embeddable":true,"href":"https:\/\/partediario.com.ar\/index.php?rest_route=\/wp\/v2\/media\/7728"}],"wp:attachment":[{"href":"https:\/\/partediario.com.ar\/index.php?rest_route=%2Fwp%2Fv2%2Fmedia&parent=7726"}],"wp:term":[{"taxonomy":"category","embeddable":true,"href":"https:\/\/partediario.com.ar\/index.php?rest_route=%2Fwp%2Fv2%2Fcategories&post=7726"},{"taxonomy":"post_tag","embeddable":true,"href":"https:\/\/partediario.com.ar\/index.php?rest_route=%2Fwp%2Fv2%2Ftags&post=7726"}],"curies":[{"name":"wp","href":"https:\/\/api.w.org\/{rel}","templated":true}]}}